{"id":1406,"date":"2026-08-02T12:00:25","date_gmt":"2026-08-02T10:00:25","guid":{"rendered":"https:\/\/www.lkm.uni-konstanz.de\/kws\/?p=1406"},"modified":"2026-07-29T20:35:29","modified_gmt":"2026-07-29T18:35:29","slug":"zwischen-weiss-und-grau-warum-leise-kunst-lange-nachwirkt","status":"publish","type":"post","link":"https:\/\/www.lkm.uni-konstanz.de\/kws\/2026\/08\/02\/zwischen-weiss-und-grau-warum-leise-kunst-lange-nachwirkt\/","title":{"rendered":"Zwischen Wei\u00df und Grau: Warum leise Kunst lange nachwirkt"},"content":{"rendered":"<p class=\"p1\"><span class=\"s1\">Beim Betreten eines Ausstellungsraums f\u00e4llt der Blick oft zuerst auf die imposantesten, lautesten oder buntesten Werke. Auff\u00e4llige Farben, gro\u00dfformatige Werke oder spektakul\u00e4re Installationen ziehen die Aufmerksamkeit meist automatisch auf sich. Doch was passiert, wenn genau das fehlt? Wenn eine Ausstellung stattdessen dazu einl\u00e4dt, den Blick zu entschleunigen und auf Unaufdringlichkeit setzt?<\/span><\/p>\n<p class=\"p1\"><span class=\"s1\">Genau hier setzt die aktuelle Ausstellung \u201e<strong>WEISS AUCH, GRAU, VIELLEICHT SCHILLERND<\/strong>\u201c im Kunstverein Konstanz im Kulturzentrum am M\u00fcnster an.<\/span><\/p>\n<p class=\"p1\"><span class=\"s1\">Die Ausstellung ist dort vom 25.07.2026 bis 20.09.2026 zu sehen und zeigt Arbeiten von <strong>Christiane Dessecker, Katharina Hinsberg, Leonie Mertes und Jaeyun Moon<\/strong>. Obwohl jede der vier K\u00fcnstlerinnen eine eigene Bildsprache entwickelt, verbindet sie die Auseinandersetzung mit dem Medium Zeichnung. Dabei wird diese nicht nur als Linie auf Papier verstanden, sondern auch als Geste, Struktur und k\u00f6rperliche Bewegung.<\/span><\/p>\n<p class=\"p1\"><span class=\"s1\">Zu Beginn macht der Titel der Ausstellung einen subtilen Eindruck. Wei\u00df und Grau gelten eher als neutrale Farben: minimalistisch, beinahe unscheinbar. Gerade darin liegt jedoch eine fesselnde Fragestellung: Was geschieht mit unserer Wahrnehmung, wenn die Farbe nicht mehr im Mittelpunkt steht? Wie viel Aufmerksamkeit braucht ein Kunstwerk, bevor sich seine Wirkung entfaltet?<br \/>\n<\/span>Nicht jedes Werk erschlie\u00dft sich auf den ersten Blick. Manche Arbeiten entfalten ihre Wirkung erst nach und nach und fordern dazu auf, l\u00e4nger stehen zu bleiben. Gerade darin liegt eine besondere Qualit\u00e4t zeitgen\u00f6ssischer Kunst: Sie gibt selten eindeutige Antworten, sondern er\u00f6ffnet Raum f\u00fcr unterschiedliche Perspektiven und individuelle Wahrnehmungen. Dabei stellt sich fast automatisch die Frage, was wir eigentlich von einer Ausstellung erwarten \u2013 eine klare Botschaft oder vielleicht einfach die Gelegenheit, genauer hinzusehen?<\/p>\n<p class=\"p1\"><span class=\"s1\">Die Ausstellung zeigt, dass zeitgen\u00f6ssische Kunst weder laut noch spektakul\u00e4r sein muss, um zum Nachdenken anzuregen. Vieles sieht man hier erst nach genauerem Hinsehen: Licht ver\u00e4ndert Oberfl\u00e4chen, Materialien beginnen je nach Blickwinkel zu schimmern und kleine Details treten langsam hervor. Was zun\u00e4chst schlicht wirkt, entwickelt mit der Zeit eine \u00fcberraschende Dynamik. Besonders eindr\u00fccklich erscheint in diesem Zusammenhang die Arbeit von Christiane Dessecker. W\u00e4hrend der Corona-Pandemie hielt sie das t\u00e4gliche Infektionsgeschehen zeichnerisch fest und arbeitete je nach H\u00f6he der Fallzahlen mit unterschiedlich harten Bleistiften. Weiche Linien stehen f\u00fcr Verletzlichkeit und Unsicherheit, h\u00e4rtere Striche f\u00fcr Hoffnung und Zuversicht. Eine gro\u00dfformatige Arbeit, die nicht nur Zahlen festh\u00e4lt, sondern auch die emotionale Erfahrung einer Zeit sichtbar macht, deren Nachwirkungen bis heute zu sp\u00fcren sind.<\/span><\/p>\n<p class=\"p1\"><span class=\"s1\">Im Alltag entscheiden oft nur wenige Sekunden dar\u00fcber, ob wir einem Bild Aufmerksamkeit schenken oder weiterscrollen. Umso ungewohnter wirkt eine Ausstellung, die genau das Gegenteil verlangt: Zeit. Manche Werke entfalten ihre Wirkung erst dann, wenn der Blick verweilt. Es werden keine vorgefertigten Antworten geliefert, sondern die M\u00f6glichkeit er\u00f6ffnet, die eigene Wahrnehmung neu zu entdecken.<\/span><\/p>\n<p class=\"p1\"><span class=\"s1\">Zwischen Zeichnung, Material, Bewegung und schillernden Nuancen entsteht ein Raum, der weniger erkl\u00e4rt als zum genauen Hinsehen einl\u00e4dt und gerade genau deshalb lange nachwirkt.<\/span><\/p>\n","protected":false},"excerpt":{"rendered":"<p>Beim Betreten eines Ausstellungsraums f\u00e4llt der Blick oft zuerst auf die imposantesten, lautesten oder buntesten Werke. Auff\u00e4llige Farben, gro\u00dfformatige Werke oder spektakul\u00e4re Installationen ziehen die Aufmerksamkeit meist automatisch auf sich. [&hellip;]<\/p>\n","protected":false},"author":58,"featured_media":0,"comment_status":"open","ping_status":"open","sticky":false,"template":"","format":"standard","meta":{"_stc_notifier_status":"sent","_stc_notifier_sent_time":"2026-08-02 12:19:13","_stc_notifier_request":false,"_stc_notifier_prevent":false,"_stc_subscriber_keywords":"","_stc_subscriber_search_areas":"","footnotes":""},"categories":[1,2,113],"tags":[196,149,33,198,155,197],"class_list":["post-1406","post","type-post","status-publish","format-standard","hentry","category-allgemein","category-deutsch","category-kunst-im-oeffentlichen-raum","tag-allgemein","tag-ausstellung","tag-konstanz","tag-kunstverein-konstanz","tag-vernissage","tag-zeitgenoessische-kunst","no-featured-image"],"_links":{"self":[{"href":"https:\/\/www.lkm.uni-konstanz.de\/kws\/wp-json\/wp\/v2\/posts\/1406","targetHints":{"allow":["GET"]}}],"collection":[{"href":"https:\/\/www.lkm.uni-konstanz.de\/kws\/wp-json\/wp\/v2\/posts"}],"about":[{"href":"https:\/\/www.lkm.uni-konstanz.de\/kws\/wp-json\/wp\/v2\/types\/post"}],"author":[{"embeddable":true,"href":"https:\/\/www.lkm.uni-konstanz.de\/kws\/wp-json\/wp\/v2\/users\/58"}],"replies":[{"embeddable":true,"href":"https:\/\/www.lkm.uni-konstanz.de\/kws\/wp-json\/wp\/v2\/comments?post=1406"}],"version-history":[{"count":7,"href":"https:\/\/www.lkm.uni-konstanz.de\/kws\/wp-json\/wp\/v2\/posts\/1406\/revisions"}],"predecessor-version":[{"id":1414,"href":"https:\/\/www.lkm.uni-konstanz.de\/kws\/wp-json\/wp\/v2\/posts\/1406\/revisions\/1414"}],"wp:attachment":[{"href":"https:\/\/www.lkm.uni-konstanz.de\/kws\/wp-json\/wp\/v2\/media?parent=1406"}],"wp:term":[{"taxonomy":"category","embeddable":true,"href":"https:\/\/www.lkm.uni-konstanz.de\/kws\/wp-json\/wp\/v2\/categories?post=1406"},{"taxonomy":"post_tag","embeddable":true,"href":"https:\/\/www.lkm.uni-konstanz.de\/kws\/wp-json\/wp\/v2\/tags?post=1406"}],"curies":[{"name":"wp","href":"https:\/\/api.w.org\/{rel}","templated":true}]}}