{"id":983,"date":"2021-08-24T15:38:58","date_gmt":"2021-08-24T13:38:58","guid":{"rendered":"https:\/\/www.lkm.uni-konstanz.de\/facetten\/?p=983"},"modified":"2026-03-23T14:44:46","modified_gmt":"2026-03-23T13:44:46","slug":"filmische-zeitexperimente-erinnern-an","status":"publish","type":"post","link":"https:\/\/www.lkm.uni-konstanz.de\/facetten\/filmische-zeitexperimente-erinnern-an\/","title":{"rendered":"Filmische Zeitexperimente: \u201eerinnern an\u201c"},"content":{"rendered":"<h4>\u201eerinnern an\u201c \u2013 ein Film von Irina K\u00fchnlein und Jacob H\u00f6ferlin.<br \/>\nEntstanden im Rahmen des Seminars \u201eFilmische Zeitexperimente: Theorie \u2013 Analyse \u2013 Praxis\u201c<\/h4>\n<p>Das Seminar \u201eFilmische Zeitexperimente: Theorie \u2013 Analyse \u2013 Praxis\u201c unter der Leitung von Prof. Dr. Isabell Otto und Manuel Schaub befasste sich mit medial generierten Zeitstrukturen in Filmen. Daf\u00fcr analysierten wir beispielsweise Musikvideos und befassten uns mit David Lynchs \u201eLost Highway\u201c. Der Fokus auf die eigene praktische Umsetzung eines filmischen \u201eZeitexperimentes\u201c in der zweiten H\u00e4lfte des Seminars stellte anschlie\u00dfend jede der Kleingruppen vor die Entscheidung, welches Thema und welche filmischen Mittel wie zum Einsatz kommen sollten.<\/p>\n<p>Unser Film \u201eerinnern an\u201c wurde aus vielen Inspirationen gespeist und stellt eine Art innerliche Zeitspirale des Erinnerns und Vergessens dar, welches hier mit Sprechen und Nicht-Sprechen verkn\u00fcpft wird. Wir haben versucht, uns darin experimentell dem Gedanken einer Medialit\u00e4t von Sprache in Bezug auf die Generierung von Zeit zu n\u00e4hern und mithilfe von zerfasernden und zyklischen W\u00f6rtern und Satzfetzen verschiedene Zeitstrukturen zu evozieren. Verschiedene Zeittheorien und Zeitwahrnehmungen \u2013 etwa eine \u00e4u\u00dferlich verrinnende Zeit und eine innerlich weitergesponnene Zeit \u2013 versuchten wir dabei, bildlich zu verarbeiten.<\/p>\n<div class=\"wp-video-large\" style=\"width: 90%;\">Am besten sollte der Kurzfilm mit Kopfh\u00f6rern angesehen werden. Maximieren Sie die Videoansicht auf Vollbild f\u00fcr ein optimales Seherlebnis.<br \/>\n<!-- [if lt IE 9]><script>document.createElement('video');<\/script><![endif]--><br \/>\n<video preload=\"metadata\" controls=\"controls\" width=\"300\" height=\"150\"><source type=\"video\/mp4\" src=\"https:\/\/kim59.wwwdns.kim.uni-konstanz.de\/facetten\/wp-content\/uploads\/facetten-video\/erinnern an.mp4\" \/><a href=\"https:\/\/kim59.wwwdns.kim.uni-konstanz.de\/facetten\/wp-content\/uploads\/facetten-video\/erinnern an.mp4\">https:\/\/kim59.wwwdns.kim.uni-konstanz.de\/facetten\/wp-content\/uploads\/facetten-video\/erinnern an.mp4<\/a><\/video><\/div>\n<p><img loading=\"lazy\" decoding=\"async\" class=\"aligncenter size-full wp-image-993\" src=\"https:\/\/kim59.wwwdns.kim.uni-konstanz.de\/facetten\/wp-content\/uploads\/sites\/3\/2021\/08\/erinnern_an_Titel.png\" alt=\"\" width=\"1000\" height=\"411\" srcset=\"https:\/\/www.lkm.uni-konstanz.de\/facetten\/wp-content\/uploads\/sites\/3\/2021\/08\/erinnern_an_Titel.png 1000w, https:\/\/www.lkm.uni-konstanz.de\/facetten\/wp-content\/uploads\/sites\/3\/2021\/08\/erinnern_an_Titel-300x123.png 300w, https:\/\/www.lkm.uni-konstanz.de\/facetten\/wp-content\/uploads\/sites\/3\/2021\/08\/erinnern_an_Titel-768x316.png 768w, https:\/\/www.lkm.uni-konstanz.de\/facetten\/wp-content\/uploads\/sites\/3\/2021\/08\/erinnern_an_Titel-508x209.png 508w\" sizes=\"auto, (max-width: 1000px) 100vw, 1000px\" \/><\/p>\n","protected":false},"excerpt":{"rendered":"<p>\u201eerinnern an\u201c \u2013 ein Film von Irina K\u00fchnlein und Jacob H\u00f6ferlin. Entstanden im Rahmen des Seminars \u201eFilmische Zeitexperimente: Theorie \u2013 Analyse \u2013 Praxis\u201c Das Seminar \u201eFilmische Zeitexperimente: Theorie \u2013 Analyse [&hellip;]<\/p>\n","protected":false},"author":1,"featured_media":991,"comment_status":"closed","ping_status":"open","sticky":false,"template":"","format":"standard","meta":{"_stc_notifier_status":"sent","_stc_notifier_sent_time":"2026-03-23 15:19:47","_stc_notifier_request":false,"_stc_notifier_prevent":false,"_stc_subscriber_keywords":"","_stc_subscriber_search_areas":"","footnotes":""},"categories":[9],"tags":[27,52,64],"class_list":["post-983","post","type-post","status-publish","format-standard","has-post-thumbnail","hentry","category-video","tag-film","tag-medien","tag-praxisseminar"],"_links":{"self":[{"href":"https:\/\/www.lkm.uni-konstanz.de\/facetten\/wp-json\/wp\/v2\/posts\/983","targetHints":{"allow":["GET"]}}],"collection":[{"href":"https:\/\/www.lkm.uni-konstanz.de\/facetten\/wp-json\/wp\/v2\/posts"}],"about":[{"href":"https:\/\/www.lkm.uni-konstanz.de\/facetten\/wp-json\/wp\/v2\/types\/post"}],"author":[{"embeddable":true,"href":"https:\/\/www.lkm.uni-konstanz.de\/facetten\/wp-json\/wp\/v2\/users\/1"}],"replies":[{"embeddable":true,"href":"https:\/\/www.lkm.uni-konstanz.de\/facetten\/wp-json\/wp\/v2\/comments?post=983"}],"version-history":[{"count":26,"href":"https:\/\/www.lkm.uni-konstanz.de\/facetten\/wp-json\/wp\/v2\/posts\/983\/revisions"}],"predecessor-version":[{"id":1329,"href":"https:\/\/www.lkm.uni-konstanz.de\/facetten\/wp-json\/wp\/v2\/posts\/983\/revisions\/1329"}],"wp:featuredmedia":[{"embeddable":true,"href":"https:\/\/www.lkm.uni-konstanz.de\/facetten\/wp-json\/wp\/v2\/media\/991"}],"wp:attachment":[{"href":"https:\/\/www.lkm.uni-konstanz.de\/facetten\/wp-json\/wp\/v2\/media?parent=983"}],"wp:term":[{"taxonomy":"category","embeddable":true,"href":"https:\/\/www.lkm.uni-konstanz.de\/facetten\/wp-json\/wp\/v2\/categories?post=983"},{"taxonomy":"post_tag","embeddable":true,"href":"https:\/\/www.lkm.uni-konstanz.de\/facetten\/wp-json\/wp\/v2\/tags?post=983"}],"curies":[{"name":"wp","href":"https:\/\/api.w.org\/{rel}","templated":true}]}}