{"id":876,"date":"2021-04-06T16:14:18","date_gmt":"2021-04-06T14:14:18","guid":{"rendered":"https:\/\/www.lkm.uni-konstanz.de\/facetten\/?p=876"},"modified":"2026-04-01T19:56:15","modified_gmt":"2026-04-01T17:56:15","slug":"podcastreihe-hoerbar-anders-schluesseltexte-der-medienwissenschaft","status":"publish","type":"post","link":"https:\/\/www.lkm.uni-konstanz.de\/facetten\/podcastreihe-hoerbar-anders-schluesseltexte-der-medienwissenschaft\/","title":{"rendered":"Podcastreihe \u201eH\u00f6rbar anders. Schl\u00fcsseltexte der Medienwissenschaft\u201c"},"content":{"rendered":"<p><a name=\"top\"><\/a>Die <strong>Podcastreihe \u201eH\u00f6rbar anders. Schl\u00fcsseltexte der Medienwissenschaft\u201c<\/strong> ist im Rahmen eines medienwissenschaftlichen Praxisseminars unter der Leitung von Beate Ochsner und Edda Payar im Wintersemester 2020\/21 an der Universit\u00e4t Konstanz entstanden.<\/p>\n<p>Einschl\u00e4gige Texte der Medienwissenschaft von Walter Benjamin, Marshall McLuhan, Donna Haraway, Susan Leigh Star und Georges Bowker sowie Laura Mulvey wurden bearbeitet und auditiv \u00fcbersetzt.<\/p>\n<p>Laden Sie sich die Dateien \u00fcber die unten angegebenen Links auf Ihr Smartphone oder starten Sie die Podcasts direkt auf dieser Seite, setzen Sie Ihre Kopfh\u00f6rer auf und starten Sie in ein anderes Lese-\/H\u00f6rerlebnis.<\/p>\n<p><strong>W\u00e4hlen Sie den gew\u00fcnschten Podcast aus der Liste, die Links f\u00fchren Sie zu den Audiodateien und weiteren Informationen:<\/strong><\/p>\n<ul class=\"ihv_liste\">\n<li><a href=\"#benjamin\">#1 Walter Benjamin: Das Kunstwerk im Zeitalter seiner technischen Reproduzierbarkeit<\/a><\/li>\n<li><a href=\"#mcluhan\">#2 Marshall McLuhan: Das Medium ist die Botschaft<\/a><\/li>\n<li><a href=\"#haraway\">#3 Donna Haraway: Ein Manifest f\u00fcr Cyborgs. Feminismus im Streit mit den Technowissenschaften<\/a><\/li>\n<li><a href=\"#geoffrey\">#4 Geoffrey C. Bowker; Susan LeighStar: Wie man infrastrukturiert<\/a><\/li>\n<li><a href=\"#mulvey\">#5 Laura Mulvey: 1970s Feminist Film Theory and the Obsolescent Object<\/a><\/li>\n<\/ul>\n<p>Alle Folgen sind auch auf <a href=\"https:\/\/open.spotify.com\/show\/7ijiIPpJ8usNbpL0e10cwb?si=ERpW2zLdQe-HTHBdx080NA\" target=\"_blank\" rel=\"noopener\">Spotify online<\/a><\/p>\n<h4>Die Episoden:<\/h4>\n<p><a name=\"benjamin\"><\/a><img loading=\"lazy\" decoding=\"async\" class=\"size-medium wp-image-883 aligncenter\" src=\"https:\/\/kim59.wwwdns.kim.uni-konstanz.de\/facetten\/wp-content\/uploads\/sites\/3\/2021\/04\/Hoerbar-anders-Podcast-Episode-1-300x300.jpeg\" alt=\"#1 Walter Benjamin: Das Kunstwerk im Zeitalter seiner technischen Reproduzierbarkeit\" width=\"300\" height=\"300\" name=\"benjamin\" srcset=\"https:\/\/www.lkm.uni-konstanz.de\/facetten\/wp-content\/uploads\/sites\/3\/2021\/04\/Hoerbar-anders-Podcast-Episode-1-300x300.jpeg 300w, https:\/\/www.lkm.uni-konstanz.de\/facetten\/wp-content\/uploads\/sites\/3\/2021\/04\/Hoerbar-anders-Podcast-Episode-1-150x150.jpeg 150w, https:\/\/www.lkm.uni-konstanz.de\/facetten\/wp-content\/uploads\/sites\/3\/2021\/04\/Hoerbar-anders-Podcast-Episode-1.jpeg 400w\" sizes=\"auto, (max-width: 300px) 100vw, 300px\" \/><br \/>\n<strong>#1 Benjamin, Walter (1963): Das Kunstwerk im Zeitalter seiner technischen Reproduzierbarkeit. Frankfurt a.M.: Suhrkamp.<\/strong><\/p>\n<div class=\"audio\">\n<audio class=\"wp-audio-shortcode\" id=\"audio-876-1\" preload=\"none\" style=\"width: 100%;\" controls=\"controls\"><source type=\"audio\/mpeg\" src=\"https:\/\/kim59.wwwdns.kim.uni-konstanz.de\/facetten\/wp-content\/uploads\/facetten-audio\/H\u00f6rbar%20anders_Folge%201_Walter%20Benjamin_Kunstwerkaufsatz.mp3?_=1\" \/><a href=\"https:\/\/kim59.wwwdns.kim.uni-konstanz.de\/facetten\/wp-content\/uploads\/facetten-audio\/H\u00f6rbar%20anders_Folge%201_Walter%20Benjamin_Kunstwerkaufsatz.mp3\">https:\/\/kim59.wwwdns.kim.uni-konstanz.de\/facetten\/wp-content\/uploads\/facetten-audio\/H\u00f6rbar%20anders_Folge%201_Walter%20Benjamin_Kunstwerkaufsatz.mp3<\/a><\/audio>\n<\/div>\n<p class=\"download\"><a href=\"https:\/\/kim59.wwwdns.kim.uni-konstanz.de\/facetten\/wp-content\/uploads\/facetten-audio\/H\u00f6rbar anders_Folge 1_Walter Benjamin_Kunstwerkaufsatz.mp3\">\u21e8\u00a0Download der Datei zum Podcast <em>H\u00f6rbar anders #1 Walter Benjamin<br \/>\n(Rechtsklick auf den Link oder beim Smartphone Link gedr\u00fcckt halten\u00a0\u2794\u00a0speichern der Datei auf Ihrer Festplatte bzw. in der gew\u00fcnschten App)<\/em><\/a><\/p>\n<p><strong>Produzent*innen\/Sprecher*innen:<\/strong><br \/>\nLuna Cavicchioli; Deborah Fink; Ren\u00e1ta Gily\u00e1n; Monic Goudarzi; Anna-Marie R\u00f6nsch; Clara Traub<\/p>\n<p><strong>Weiterer Sprecher:<\/strong><br \/>\nJean-Severin Schmitz<\/p>\n<p><strong>Internetquellen:<\/strong><\/p>\n<ul>\n<li><a href=\"https:\/\/freesound.org\/people\/dobroide\/sounds\/15653\" target=\"_blank\" rel=\"noopener\">https:\/\/freesound.org\/people\/dobroide\/sounds\/15653<\/a><\/li>\n<li><a href=\"https:\/\/freemusicarchive.org\/music\/Jaudas_Society_Orchestra\/Edison_Blue_Amberol_2645\/Pick_a_chicken\" target=\"_blank\" rel=\"noopener\">https:\/\/freemusicarchive.org\/music\/Jaudas_Society_Orchestra\/Edison_Blue_Amberol_2645\/Pick_a_chicken<\/a><\/li>\n<li><a href=\"https:\/\/freemusicarchive.org\/music\/Paavali_Jumppanen_piano_1554\/Selections_Summer_2012_1811\/mozart_k332_jumppanen\" target=\"_blank\" rel=\"noopener\">https:\/\/freemusicarchive.org\/music\/Paavali_Jumppanen_piano_1554\/Selections_Summer_2012_1811\/mozart_k332_jumppanen<\/a><\/li>\n<\/ul>\n<p><a href=\"#top\">\u2191 Nach oben<\/a><\/p>\n<hr style=\"border: 0; height: 4px;\" \/>\n<p><a name=\"mcluhan\"><\/a><img loading=\"lazy\" decoding=\"async\" class=\"size-medium wp-image-884 aligncenter\" src=\"https:\/\/kim59.wwwdns.kim.uni-konstanz.de\/facetten\/wp-content\/uploads\/sites\/3\/2021\/04\/Hoerbar-anders-Podcast-Episode-2-300x300.jpeg\" alt=\"#2 Marshall McLuhan: Das Medium ist die Botschaft\" width=\"300\" height=\"300\" srcset=\"https:\/\/www.lkm.uni-konstanz.de\/facetten\/wp-content\/uploads\/sites\/3\/2021\/04\/Hoerbar-anders-Podcast-Episode-2-300x300.jpeg 300w, https:\/\/www.lkm.uni-konstanz.de\/facetten\/wp-content\/uploads\/sites\/3\/2021\/04\/Hoerbar-anders-Podcast-Episode-2-150x150.jpeg 150w, https:\/\/www.lkm.uni-konstanz.de\/facetten\/wp-content\/uploads\/sites\/3\/2021\/04\/Hoerbar-anders-Podcast-Episode-2.jpeg 400w\" sizes=\"auto, (max-width: 300px) 100vw, 300px\" \/><br \/>\n<strong>#2 McLuhan, Marshall (1970): Das Medium ist die Botschaft. In: Marshall McLuhan (Hg.): Die magischen Kan\u00e4le &#8211; Understanding Media. D\u00fcsseldorf\/Wien: Econ, S. 17\u201334.<\/strong><\/p>\n<div class=\"audio\">\n<audio class=\"wp-audio-shortcode\" id=\"audio-876-2\" preload=\"none\" style=\"width: 100%;\" controls=\"controls\"><source type=\"audio\/mpeg\" src=\"https:\/\/kim59.wwwdns.kim.uni-konstanz.de\/facetten\/wp-content\/uploads\/facetten-audio\/H\u00f6rbar%20anders_Folge%202_Marshall%20McLuhan_Medium.mp3?_=2\" \/><a href=\"https:\/\/kim59.wwwdns.kim.uni-konstanz.de\/facetten\/wp-content\/uploads\/facetten-audio\/H\u00f6rbar%20anders_Folge%202_Marshall%20McLuhan_Medium.mp3\">https:\/\/kim59.wwwdns.kim.uni-konstanz.de\/facetten\/wp-content\/uploads\/facetten-audio\/H\u00f6rbar%20anders_Folge%202_Marshall%20McLuhan_Medium.mp3<\/a><\/audio>\n<\/div>\n<p class=\"download\"><a href=\"https:\/\/kim59.wwwdns.kim.uni-konstanz.de\/facetten\/wp-content\/uploads\/facetten-audio\/H\u00f6rbar anders_Folge 2_Marshall McLuhan_Medium.mp3\">\u21e8\u00a0Download der Datei zum Podcast <em>H\u00f6rbar anders #2 Marshall McLuhan<br \/>\n(Rechtsklick auf den Link oder beim Smartphone Link gedr\u00fcckt halten\u00a0\u2794\u00a0speichern der Datei auf Ihrer Festplatte bzw. in der gew\u00fcnschten App)<\/em><\/a><\/p>\n<p><strong>Produzent*innen\/Specher*innen:<\/strong><br \/>\nGamze Cakir; Luna Levay; Jasmin Link; Alina Langer; Lena Lassen<\/p>\n<p><strong>Weitere Sprecherin:<\/strong><br \/>\nBeyza Arslan<\/p>\n<p><a href=\"#top\">\u2191 Nach oben<\/a><\/p>\n<hr style=\"border: 0; height: 4px;\" \/>\n<p><a name=\"haraway\"><\/a><img loading=\"lazy\" decoding=\"async\" class=\"size-medium wp-image-885 aligncenter\" src=\"https:\/\/kim59.wwwdns.kim.uni-konstanz.de\/facetten\/wp-content\/uploads\/sites\/3\/2021\/04\/Hoerbar-anders-Podcast-Episode-3-300x300.jpeg\" alt=\"#3 Donna Haraway: Ein Manifest f\u00fcr Cyborgs. Feminismus im Streit mit den Technowissenschaften\" width=\"300\" height=\"300\" srcset=\"https:\/\/www.lkm.uni-konstanz.de\/facetten\/wp-content\/uploads\/sites\/3\/2021\/04\/Hoerbar-anders-Podcast-Episode-3-300x300.jpeg 300w, https:\/\/www.lkm.uni-konstanz.de\/facetten\/wp-content\/uploads\/sites\/3\/2021\/04\/Hoerbar-anders-Podcast-Episode-3-150x150.jpeg 150w, https:\/\/www.lkm.uni-konstanz.de\/facetten\/wp-content\/uploads\/sites\/3\/2021\/04\/Hoerbar-anders-Podcast-Episode-3.jpeg 400w\" sizes=\"auto, (max-width: 300px) 100vw, 300px\" \/><br \/>\n<strong>#3 Haraway, Donna (1995): Ein Manifest f\u00fcr Cyborgs. Feminismus im Streit mit den Technowissenschaften. In: Donna Haraway (Hg.): Die Neuerfindung der Natur. Primaten, Cyborgs und Frauen. Frankfurt a.M., New York, S. 33\u201372.<\/strong><\/p>\n<div class=\"audio\">\n<audio class=\"wp-audio-shortcode\" id=\"audio-876-3\" preload=\"none\" style=\"width: 100%;\" controls=\"controls\"><source type=\"audio\/mpeg\" src=\"https:\/\/kim59.wwwdns.kim.uni-konstanz.de\/facetten\/wp-content\/uploads\/facetten-audio\/H\u00f6rbar%20anders_Folge%203_Donna%20Harraway_Cyborg%20Manifesto.mp3?_=3\" \/><a href=\"https:\/\/kim59.wwwdns.kim.uni-konstanz.de\/facetten\/wp-content\/uploads\/facetten-audio\/H\u00f6rbar%20anders_Folge%203_Donna%20Harraway_Cyborg%20Manifesto.mp3\">https:\/\/kim59.wwwdns.kim.uni-konstanz.de\/facetten\/wp-content\/uploads\/facetten-audio\/H\u00f6rbar%20anders_Folge%203_Donna%20Harraway_Cyborg%20Manifesto.mp3<\/a><\/audio>\n<\/div>\n<p class=\"download\"><a href=\"https:\/\/kim59.wwwdns.kim.uni-konstanz.de\/facetten\/wp-content\/uploads\/facetten-audio\/H\u00f6rbar anders_Folge 3_Donna Harraway_Cyborg Manifesto.mp3\">\u21e8\u00a0Download der Datei zum Podcast <em>H\u00f6rbar anders #3 Donna Harraway<br \/>\n(Rechtsklick auf den Link oder beim Smartphone Link gedr\u00fcckt halten\u00a0\u2794\u00a0speichern der Datei auf Ihrer Festplatte bzw. in der gew\u00fcnschten App)<\/em><\/a><\/p>\n<p><strong>Produzent*innen\/Sprecher*innen:<\/strong><br \/>\nJohanna B\u00fcrkle; Anna-Marie K\u00fcbler; Markus Maier; Natascha Reddemann; Anna Samoylenko<\/p>\n<p><strong>Weitere Sprecherinnen:<\/strong><br \/>\nEmily Lauer (Donna Haraway)<br \/>\nAlexa Giseler (Herausgeberkommentar)<\/p>\n<p><strong>Internetquellen:<\/strong><\/p>\n<ul>\n<li><a href=\"https:\/\/www.zapsplat.com\" target=\"_blank\" rel=\"noopener\">https:\/\/www.zapsplat.com<\/a><\/li>\n<li><a href=\"https:\/\/www.bensound.com\/royalty-free-music\" target=\"_blank\" rel=\"noopener\">https:\/\/www.bensound.com\/royalty-free-music<\/a><\/li>\n<li><a href=\"https:\/\/ttsmp3.com\/text-to-speech\/German\/\" target=\"_blank\" rel=\"noopener\">https:\/\/ttsmp3.com\/text-to-speech\/German\/<\/a><\/li>\n<\/ul>\n<p><a href=\"#top\">\u2191 Nach oben<\/a><\/p>\n<hr style=\"border: 0; height: 4px;\" \/>\n<p><a name=\"geoffrey\"><\/a><img loading=\"lazy\" decoding=\"async\" class=\"size-medium wp-image-886 aligncenter\" src=\"https:\/\/kim59.wwwdns.kim.uni-konstanz.de\/facetten\/wp-content\/uploads\/sites\/3\/2021\/04\/Hoerbar-anders-Podcast-Episode-4-300x300.jpeg\" alt=\"#4 Geoffrey C. Bowker; Susan LeighStar: Wie man infrastrukturiert\" width=\"300\" height=\"300\" srcset=\"https:\/\/www.lkm.uni-konstanz.de\/facetten\/wp-content\/uploads\/sites\/3\/2021\/04\/Hoerbar-anders-Podcast-Episode-4-300x300.jpeg 300w, https:\/\/www.lkm.uni-konstanz.de\/facetten\/wp-content\/uploads\/sites\/3\/2021\/04\/Hoerbar-anders-Podcast-Episode-4-150x150.jpeg 150w, https:\/\/www.lkm.uni-konstanz.de\/facetten\/wp-content\/uploads\/sites\/3\/2021\/04\/Hoerbar-anders-Podcast-Episode-4.jpeg 400w\" sizes=\"auto, (max-width: 300px) 100vw, 300px\" \/><br \/>\n<strong>#4 Bowker, Geoffrey C.; Star, Susan Leigh (2002): Wie man infrastrukturiert. In: Andreas Ziemann (Hg.): Grundlagentexte der Medienkultur. Wiesbaden: Springer, S. 315\u2013326.<\/strong><\/p>\n<div class=\"audio\">\n<audio class=\"wp-audio-shortcode\" id=\"audio-876-4\" preload=\"none\" style=\"width: 100%;\" controls=\"controls\"><source type=\"audio\/mpeg\" src=\"https:\/\/kim59.wwwdns.kim.uni-konstanz.de\/facetten\/wp-content\/uploads\/facetten-audio\/H\u00f6rbar%20anders_Folge%204_Susan%20Star%20Geoffrey%20Bowker_Infrastrukturieren.mp3?_=4\" \/><a href=\"https:\/\/kim59.wwwdns.kim.uni-konstanz.de\/facetten\/wp-content\/uploads\/facetten-audio\/H\u00f6rbar%20anders_Folge%204_Susan%20Star%20Geoffrey%20Bowker_Infrastrukturieren.mp3\">https:\/\/kim59.wwwdns.kim.uni-konstanz.de\/facetten\/wp-content\/uploads\/facetten-audio\/H\u00f6rbar%20anders_Folge%204_Susan%20Star%20Geoffrey%20Bowker_Infrastrukturieren.mp3<\/a><\/audio>\n<\/div>\n<p class=\"download\"><a href=\"https:\/\/kim59.wwwdns.kim.uni-konstanz.de\/facetten\/wp-content\/uploads\/facetten-audio\/H\u00f6rbar anders_Folge 4_Susan Star Geoffrey Bowker_Infrastrukturieren.mp3\">\u21e8\u00a0Download der Datei zum Podcast <em>H\u00f6rbar anders #4 Susan Star Geoffrey Bowker<br \/>\n(Rechtsklick auf den Link oder beim Smartphone Link gedr\u00fcckt halten\u00a0\u2794\u00a0speichern der Datei auf Ihrer Festplatte bzw. in der gew\u00fcnschten App)<\/em><\/a><\/p>\n<p><strong>Produzent*innen\/Sprecher*innen:<\/strong><br \/>\nEmma Bohn; Faye Cevirgen; Carla Dreusch; Jana Hensler; Annika Wenninger; Anna Wiest<\/p>\n<p><strong>Internetquellen:<\/strong><\/p>\n<ul>\n<li><a href=\"https:\/\/www.ger\u00e4uschesammler.de\/node\/494\" target=\"_blank\" rel=\"noopener\">https:\/\/www.ger\u00e4uschesammler.de\/node\/494<\/a><\/li>\n<li><a href=\"https:\/\/www.ger\u00e4uschesammler.de\/haushaltsgeraeusche\/pc-faehrt-hoch-knistern-rauschen\" target=\"_blank\" rel=\"noopener\">https:\/\/www.ger\u00e4uschesammler.de\/haushaltsgeraeusche\/pc-faehrt-hoch-knistern-rauschen<\/a><\/li>\n<li><a href=\"https:\/\/mixkit.co\/free-sound-effects\/mouse\/\" target=\"_blank\" rel=\"noopener\">https:\/\/mixkit.co\/free-sound-effects\/mouse\/<\/a><\/li>\n<\/ul>\n<p><a href=\"#top\">\u2191 Nach oben<\/a><\/p>\n<hr style=\"border: 0; height: 4px;\" \/>\n<p><a name=\"mulvey\"><\/a><img loading=\"lazy\" decoding=\"async\" class=\"size-medium wp-image-887 aligncenter\" src=\"https:\/\/kim59.wwwdns.kim.uni-konstanz.de\/facetten\/wp-content\/uploads\/sites\/3\/2021\/04\/Hoerbar-anders-Podcast-Episode-5-300x300.jpeg\" alt=\"#5 Laura Mulvey: 1970s Feminist Film Theory and the Obsolescent Object\" width=\"300\" height=\"300\" srcset=\"https:\/\/www.lkm.uni-konstanz.de\/facetten\/wp-content\/uploads\/sites\/3\/2021\/04\/Hoerbar-anders-Podcast-Episode-5-300x300.jpeg 300w, https:\/\/www.lkm.uni-konstanz.de\/facetten\/wp-content\/uploads\/sites\/3\/2021\/04\/Hoerbar-anders-Podcast-Episode-5-150x150.jpeg 150w, https:\/\/www.lkm.uni-konstanz.de\/facetten\/wp-content\/uploads\/sites\/3\/2021\/04\/Hoerbar-anders-Podcast-Episode-5.jpeg 400w\" sizes=\"auto, (max-width: 300px) 100vw, 300px\" \/><br \/>\n<strong>#5 Mulvey, Laura (2015): Introduction: 1970s Feminist Film Theory and the Obsolescent Object. In: Laura Mulvey und Anna Backman Rogers (Hg.): Feminisms. Diversity, Difference and Multiplicity in Contemporary Film Cultures. <\/strong><strong>Amsterdam: Amsterdam University Press, S. 17\u201326.<\/strong><\/p>\n<div class=\"audio\">\n<audio class=\"wp-audio-shortcode\" id=\"audio-876-5\" preload=\"none\" style=\"width: 100%;\" controls=\"controls\"><source type=\"audio\/mpeg\" src=\"https:\/\/kim59.wwwdns.kim.uni-konstanz.de\/facetten\/wp-content\/uploads\/facetten-audio\/H\u00f6rbar%20anders_Folge%205_Laura%20Mulvey_Feminist%20Film%20Theory.mp3?_=5\" \/><a href=\"https:\/\/kim59.wwwdns.kim.uni-konstanz.de\/facetten\/wp-content\/uploads\/facetten-audio\/H\u00f6rbar%20anders_Folge%205_Laura%20Mulvey_Feminist%20Film%20Theory.mp3\">https:\/\/kim59.wwwdns.kim.uni-konstanz.de\/facetten\/wp-content\/uploads\/facetten-audio\/H\u00f6rbar%20anders_Folge%205_Laura%20Mulvey_Feminist%20Film%20Theory.mp3<\/a><\/audio>\n<\/div>\n<p class=\"download\"><a href=\"https:\/\/kim59.wwwdns.kim.uni-konstanz.de\/facetten\/wp-content\/uploads\/facetten-audio\/H\u00f6rbar anders_Folge 5_Laura Mulvey_Feminist Film Theory.mp3\">\u21e8\u00a0Download der Datei zum Podcast <em>H\u00f6rbar anders #5 Laura Mulvey<br \/>\n(Rechtsklick auf den Link oder beim Smartphone Link gedr\u00fcckt halten\u00a0\u2794\u00a0speichern der Datei auf Ihrer Festplatte bzw. in der gew\u00fcnschten App)<\/em><\/a><\/p>\n<p><strong>Produzent*innen\/Sprecher*innnen:<\/strong><br \/>\nJanine Gansler; Alexandra Kuhn; Melanie Meyer; Lena Reyda; Ellen Trautwein; Saskia Ulrich<\/p>\n<p><strong>Weitere Sprecherin:<\/strong><br \/>\nMargret Kuhn<\/p>\n<p><strong>Internetquellen:<\/strong><\/p>\n<ul>\n<li><a href=\"https:\/\/freesound.org\/people\/Pogotron\/sounds\/61075\/\" target=\"_blank\" rel=\"noopener\">https:\/\/freesound.org\/people\/Pogotron\/sounds\/61075\/<\/a><\/li>\n<li><a href=\"https:\/\/freesound.org\/people\/deleted_user_7146007\/sounds\/383837\/\" target=\"_blank\" rel=\"noopener\">https:\/\/freesound.org\/people\/deleted_user_7146007\/sounds\/383837\/<\/a><\/li>\n<li><a href=\"https:\/\/freesound.org\/people\/Alayan\/sounds\/485364\/\" target=\"_blank\" rel=\"noopener\">https:\/\/freesound.org\/people\/Alayan\/sounds\/485364\/<\/a><\/li>\n<li><a href=\"https:\/\/freesound.org\/people\/ShadyDave\/sounds\/325647\/\" target=\"_blank\" rel=\"noopener\">https:\/\/freesound.org\/people\/ShadyDave\/sounds\/325647\/<\/a><\/li>\n<\/ul>\n<p><a href=\"#top\">\u2191 Nach oben<\/a><\/p>\n","protected":false},"excerpt":{"rendered":"<p>Die Podcastreihe \u201eH\u00f6rbar anders. Schl\u00fcsseltexte der Medienwissenschaft\u201c ist im Rahmen eines medienwissenschaftlichen Praxisseminars unter der Leitung von Beate Ochsner und Edda Payar im Wintersemester 2020\/21 an der Universit\u00e4t Konstanz entstanden. [&hellip;]<\/p>\n","protected":false},"author":1,"featured_media":888,"comment_status":"closed","ping_status":"open","sticky":false,"template":"","format":"standard","meta":{"_stc_notifier_status":"sent","_stc_notifier_sent_time":"2026-03-23 15:19:47","_stc_notifier_request":false,"_stc_notifier_prevent":false,"_stc_subscriber_keywords":"","_stc_subscriber_search_areas":"","footnotes":""},"categories":[1,2],"tags":[52,114,113],"class_list":["post-876","post","type-post","status-publish","format-standard","has-post-thumbnail","hentry","category-allgemein","category-audio","tag-medien","tag-podcast","tag-theorie"],"_links":{"self":[{"href":"https:\/\/www.lkm.uni-konstanz.de\/facetten\/wp-json\/wp\/v2\/posts\/876","targetHints":{"allow":["GET"]}}],"collection":[{"href":"https:\/\/www.lkm.uni-konstanz.de\/facetten\/wp-json\/wp\/v2\/posts"}],"about":[{"href":"https:\/\/www.lkm.uni-konstanz.de\/facetten\/wp-json\/wp\/v2\/types\/post"}],"author":[{"embeddable":true,"href":"https:\/\/www.lkm.uni-konstanz.de\/facetten\/wp-json\/wp\/v2\/users\/1"}],"replies":[{"embeddable":true,"href":"https:\/\/www.lkm.uni-konstanz.de\/facetten\/wp-json\/wp\/v2\/comments?post=876"}],"version-history":[{"count":60,"href":"https:\/\/www.lkm.uni-konstanz.de\/facetten\/wp-json\/wp\/v2\/posts\/876\/revisions"}],"predecessor-version":[{"id":960,"href":"https:\/\/www.lkm.uni-konstanz.de\/facetten\/wp-json\/wp\/v2\/posts\/876\/revisions\/960"}],"wp:featuredmedia":[{"embeddable":true,"href":"https:\/\/www.lkm.uni-konstanz.de\/facetten\/wp-json\/wp\/v2\/media\/888"}],"wp:attachment":[{"href":"https:\/\/www.lkm.uni-konstanz.de\/facetten\/wp-json\/wp\/v2\/media?parent=876"}],"wp:term":[{"taxonomy":"category","embeddable":true,"href":"https:\/\/www.lkm.uni-konstanz.de\/facetten\/wp-json\/wp\/v2\/categories?post=876"},{"taxonomy":"post_tag","embeddable":true,"href":"https:\/\/www.lkm.uni-konstanz.de\/facetten\/wp-json\/wp\/v2\/tags?post=876"}],"curies":[{"name":"wp","href":"https:\/\/api.w.org\/{rel}","templated":true}]}}