{"id":753,"date":"2018-06-25T13:02:12","date_gmt":"2018-06-25T11:02:12","guid":{"rendered":"https:\/\/www.lkm.uni-konstanz.de\/facetten\/?p=753"},"modified":"2019-08-18T13:10:24","modified_gmt":"2019-08-18T11:10:24","slug":"kino-film-museum-inklusion-und-audiovisuelle-medien","status":"publish","type":"post","link":"https:\/\/www.lkm.uni-konstanz.de\/facetten\/kino-film-museum-inklusion-und-audiovisuelle-medien\/","title":{"rendered":"Kino \u2013 Film \u2013 Museum: Inklusion und audiovisuelle Medien"},"content":{"rendered":"<p>Die Lehrveranstaltung <a href=\"https:\/\/mediaandparticipation.com\/kino-film-museum-praxis-seminar\/\" rel=\"noopener noreferrer\" target=\"_blank\">Kino \u2013 Film \u2013 Museum: Inklusion und audiovisuelle Medien<\/a> wurde im Wintersemester 2017\/18 am Fachbereich LKM von Robert Stock (Medienwissenschaft, DFG-Projekt \u201eMediale Teilhabe\u201c) und dem Historiker und Museumsvermittler <a href=\"http:\/\/www.museumatuniversity.de\/\" rel=\"noopener noreferrer\" target=\"_blank\">Jurek Sehrt<\/a> (Berlin) durchgef\u00fchrt. Das Ziel war, das Medium Film im musealen Zusammenhang zu verstehen und es in Bezug zu Diskursen \u00fcber Barrierefreiheit und Behinderung zu setzen.<br \/>\nDie Lehrveranstaltung bestand aus einer Einf\u00fchrung, einem Kompakttermin in Konstanz und einer 5-t\u00e4gigen Exkursion nach Berlin. Dabei haben wir Fragen hinsichtlich musealer Ausstellungspraxis beleuchtet und diese im Kontext der Diskussionen um gesellschaftliche Inklusion situiert. In diesem Rahmen haben wir uns intensiv mit verschiedenen Zug\u00e4ngen zum Film auseinandergesetzt, die etwa durch Untertitelung, Audiodeskription oder Deutsche Geb\u00e4rdensprache u.a. auf Basis von Apps erm\u00f6glicht werden. Des Weiteren ging es darum, die museale Pr\u00e4sentation des Medium Films und dazugeh\u00f6riger Ausstellungsobjekte zu untersuchen: Wir gingen der Frage nach, wie diese Objekte und Dokumente so pr\u00e4sentiert werden k\u00f6nnen, dass m\u00f6glichst viele Besuchergruppen dazu Zugang erhalten und welche Ma\u00dfnahmen dazu notwendig sind.<br \/>\nW\u00e4hrend der Exkursion nach Berlin im Februar 2018 haben wir das Deutsche Technikmuseum, das Deutsche Historische Museum sowie die Deutsche Kinemathek \u2013 Museum f\u00fcr Film und Fernsehen besucht. An diesen Einrichtungen konnten wir verschiedene Ausstellungen und dort befindliche inklusive Elemente wie Leitsysteme, Tastmodelle oder inklusive Medienstationen usw. besichtigen. Mehrere Fachgespr\u00e4che mit einschl\u00e4gigen ExpertInnen aus den jeweiligen Museen sowie von Firmen, die im Bereich <a href=\"https:\/\/www.audioskript.de\/\" rel=\"noopener noreferrer\" target=\"_blank\">Audiodeskription<\/a>, <a href=\"https:\/\/www.videotovoice.com\/\" rel=\"noopener noreferrer\" target=\"_blank\">Text-to-Speech-Verfahren<\/a> sowie <a href=\"http:\/\/www.gretaundstarks.de\/greta\/\" rel=\"noopener noreferrer\" target=\"_blank\">App-Entwicklung<\/a> t\u00e4tig sind, boten uns spannende Einblicke in die Arbeit von PraktikerInnen. Ebenso aufschlussreich war das Gespr\u00e4ch mit der <a href=\"https:\/\/www.kinoblindgaenger.com\/\" rel=\"noopener noreferrer\" target=\"_blank\">Kinoblindg\u00e4ngerin<\/a> Barbara Fickert, die uns mit ihren Erfahrungen und den digitalen Praktiken einer blinden Filmzuschauerin vertraut machte. Abgerundet wurde die Exkursion durch Gruppenarbeiten, die sich u.a. mit Ausstellungstexten in einfacher Sprache oder inklusiven Audioguides besch\u00e4ftigten.<\/p>\n<p>&#8680;<a href=\"https:\/\/mediaandparticipation.com\/kino-film-museum-praxis-seminar\/\" target=\"_blank\" rel=\"noopener noreferrer\">Link zum Bericht \u00fcber die Lehrveranstaltung<\/a><\/p>\n<div class='white' style='background:rgba(0,0,0,0); border:solid 0px rgba(0,0,0,0); border-radius:0px; padding:0px 0px 0px 0px;'>\n<div id='slider_755' class='owl-carousel sa_owl_theme owl-pagination-true autohide-arrows' data-slider-id='slider_755' style='visibility:hidden;'>\n<div id='slider_755_slide01' class='sa_hover_container' style='padding:5% 5%; margin:0px 0%; background-image:url(&quot;https:\/\/www.lkm.uni-konstanz.de\/facetten\/wp-content\/uploads\/sites\/3\/2019\/08\/technikmuseum01.jpg&quot;); background-position:center center; background-size:contain; background-repeat:no-repeat; background-color:rgb(204, 204, 204); '><p>Ansicht von dem Bereich \u201eGames. Ins Netz gespielt\u201c in der Ausstellung \u201eDas Netz\u201c im Deutschen Technikmuseum. An einer Tafel befinden sich Informationen zu dem Bereich. Als Ausstellungsobjekte sind Computer, Bildmaterialen und Sammelfiguren von Computerspielen erkennbar, die in Vitrinen untergebracht sind.<\/p><\/div>\n<div id='slider_755_slide02' class='sa_hover_container' style='padding:5% 5%; margin:0px 0%; background-image:url(&quot;https:\/\/www.lkm.uni-konstanz.de\/facetten\/wp-content\/uploads\/sites\/3\/2019\/08\/technikmuseum02.jpg&quot;); background-position:center center; background-size:contain; background-repeat:no-repeat; background-color:rgb(204, 204, 204); '><p>Detailansicht aus dem Themenbereich \u201eGames\u201c in der Ausstellung \u201eDas Netz\u201c. W\u00e4hrend die originalen Sammelfiguren des Spiels \u201eWorld of Warcraft\u201c in der Vitrine sind, gibt es davor eine Nachbildung einer Kriegerfigur als Tastobjekt.<\/p><\/div>\n<\/div>\n<\/div>\n<script type='text\/javascript'>\n\tjQuery(document).ready(function() {\n\t\tjQuery('#slider_755').owlCarousel({\n\t\t\titems : 1,\n\t\t\tsmartSpeed : 200,\n\t\t\tautoplay : true,\n\t\t\tautoplayTimeout : 5000,\n\t\t\tautoplayHoverPause : true,\n\t\t\tsmartSpeed : 200,\n\t\t\tfluidSpeed : 200,\n\t\t\tautoplaySpeed : 200,\n\t\t\tnavSpeed : 200,\n\t\t\tdotsSpeed : 200,\n\t\t\tloop : true,\n\t\t\tnav : true,\n\t\t\tnavText : ['Previous','Next'],\n\t\t\tdots : true,\n\t\t\tresponsiveRefreshRate : 200,\n\t\t\tslideBy : 1,\n\t\t\tmergeFit : true,\n\t\t\tautoHeight : false,\n\t\t\tmouseDrag : false,\n\t\t\ttouchDrag : true\n\t\t});\n\t\tjQuery('#slider_755').css('visibility', 'visible');\n\t\tsa_resize_slider_755();\n\t\twindow.addEventListener('resize', sa_resize_slider_755);\n\t\tfunction sa_resize_slider_755() {\n\t\t\tvar min_height = '50';\n\t\t\tvar win_width = jQuery(window).width();\n\t\t\tvar slider_width = jQuery('#slider_755').width();\n\t\t\tif (win_width < 480) {\n\t\t\t\tvar slide_width = slider_width \/ 1;\n\t\t\t} else if (win_width < 768) {\n\t\t\t\tvar slide_width = slider_width \/ 1;\n\t\t\t} else if (win_width < 980) {\n\t\t\t\tvar slide_width = slider_width \/ 1;\n\t\t\t} else if (win_width < 1200) {\n\t\t\t\tvar slide_width = slider_width \/ 1;\n\t\t\t} else if (win_width < 1500) {\n\t\t\t\tvar slide_width = slider_width \/ 1;\n\t\t\t} else {\n\t\t\t\tvar slide_width = slider_width \/ 1;\n\t\t\t}\n\t\t\tslide_width = Math.round(slide_width);\n\t\t\tvar slide_height = '0';\n\t\t\tif (min_height == 'aspect43') {\n\t\t\t\tslide_height = (slide_width \/ 4) * 3;\t\t\t\tslide_height = Math.round(slide_height);\n\t\t\t} else if (min_height == 'aspect169') {\n\t\t\t\tslide_height = (slide_width \/ 16) * 9;\t\t\t\tslide_height = Math.round(slide_height);\n\t\t\t} else {\n\t\t\t\tslide_height = (slide_width \/ 100) * min_height;\t\t\t\tslide_height = Math.round(slide_height);\n\t\t\t}\n\t\t\tjQuery('#slider_755 .owl-item .sa_hover_container').css('min-height', slide_height+'px');\n\t\t}\n\t\tvar owl_goto = jQuery('#slider_755');\n\t\tjQuery('.slider_755_goto1').click(function(event){\n\t\t\towl_goto.trigger('to.owl.carousel', 0);\n\t\t});\n\t\tjQuery('.slider_755_goto2').click(function(event){\n\t\t\towl_goto.trigger('to.owl.carousel', 1);\n\t\t});\n\t\tvar resize_755 = jQuery('.owl-carousel');\n\t\tresize_755.on('initialized.owl.carousel', function(e) {\n\t\t\tif (typeof(Event) === 'function') {\n\t\t\t\twindow.dispatchEvent(new Event('resize'));\n\t\t\t} else {\n\t\t\t\tvar evt = window.document.createEvent('UIEvents');\n\t\t\t\tevt.initUIEvent('resize', true, false, window, 0);\n\t\t\t\twindow.dispatchEvent(evt);\n\t\t\t}\n\t\t});\n\t});\n<\/script>\n\n","protected":false},"excerpt":{"rendered":"<p>Die Lehrveranstaltung Kino \u2013 Film \u2013 Museum: Inklusion und audiovisuelle Medien wurde im Wintersemester 2017\/18 am Fachbereich LKM von Robert Stock (Medienwissenschaft, DFG-Projekt \u201eMediale Teilhabe\u201c) und dem Historiker und Museumsvermittler [&hellip;]<\/p>\n","protected":false},"author":1,"featured_media":708,"comment_status":"closed","ping_status":"open","sticky":false,"template":"","format":"standard","meta":{"_stc_notifier_status":"","_stc_notifier_sent_time":"","_stc_notifier_request":false,"_stc_notifier_prevent":false,"_stc_subscriber_keywords":"","_stc_subscriber_search_areas":"","footnotes":""},"categories":[3,4,5],"tags":[100,101,52],"class_list":["post-753","post","type-post","status-publish","format-standard","has-post-thumbnail","hentry","category-ausstellung","category-exkursion","category-seminar","tag-media-and-participation","tag-mediale-teilhabe","tag-medien"],"_links":{"self":[{"href":"https:\/\/www.lkm.uni-konstanz.de\/facetten\/wp-json\/wp\/v2\/posts\/753","targetHints":{"allow":["GET"]}}],"collection":[{"href":"https:\/\/www.lkm.uni-konstanz.de\/facetten\/wp-json\/wp\/v2\/posts"}],"about":[{"href":"https:\/\/www.lkm.uni-konstanz.de\/facetten\/wp-json\/wp\/v2\/types\/post"}],"author":[{"embeddable":true,"href":"https:\/\/www.lkm.uni-konstanz.de\/facetten\/wp-json\/wp\/v2\/users\/1"}],"replies":[{"embeddable":true,"href":"https:\/\/www.lkm.uni-konstanz.de\/facetten\/wp-json\/wp\/v2\/comments?post=753"}],"version-history":[{"count":4,"href":"https:\/\/www.lkm.uni-konstanz.de\/facetten\/wp-json\/wp\/v2\/posts\/753\/revisions"}],"predecessor-version":[{"id":758,"href":"https:\/\/www.lkm.uni-konstanz.de\/facetten\/wp-json\/wp\/v2\/posts\/753\/revisions\/758"}],"wp:featuredmedia":[{"embeddable":true,"href":"https:\/\/www.lkm.uni-konstanz.de\/facetten\/wp-json\/wp\/v2\/media\/708"}],"wp:attachment":[{"href":"https:\/\/www.lkm.uni-konstanz.de\/facetten\/wp-json\/wp\/v2\/media?parent=753"}],"wp:term":[{"taxonomy":"category","embeddable":true,"href":"https:\/\/www.lkm.uni-konstanz.de\/facetten\/wp-json\/wp\/v2\/categories?post=753"},{"taxonomy":"post_tag","embeddable":true,"href":"https:\/\/www.lkm.uni-konstanz.de\/facetten\/wp-json\/wp\/v2\/tags?post=753"}],"curies":[{"name":"wp","href":"https:\/\/api.w.org\/{rel}","templated":true}]}}