{"id":514,"date":"2018-05-27T17:06:14","date_gmt":"2018-05-27T15:06:14","guid":{"rendered":"https:\/\/www.lkm.uni-konstanz.de\/blog\/facetten\/?p=514"},"modified":"2020-08-12T14:20:59","modified_gmt":"2020-08-12T12:20:59","slug":"fotoausstellung-italienische-reise-fotografien-des-19-jahrhunderts-30-04-04-06-2017-bildungsturm-konstanz","status":"publish","type":"post","link":"https:\/\/www.lkm.uni-konstanz.de\/facetten\/fotoausstellung-italienische-reise-fotografien-des-19-jahrhunderts-30-04-04-06-2017-bildungsturm-konstanz\/","title":{"rendered":"Fotoausstellung: \u2018Italienische Reise. Fotografien des 19. Jahrhunderts\u2019, 30.04.-04.06.2017, Bildungsturm Konstanz"},"content":{"rendered":"<p>Im 19. Jahrhundert brachten Reisende aus Italien viele besondere Eindr\u00fccke, aber auch oft Fotografien mit heim. Die \u201eGrand Tour\u201c, die beg\u00fcterte Reisende im 19. Jahrhundert unternahmen, war ein Bildungsparcours, der darauf zielte, die Geschichte von der Antike bis in die Gegenwart Revue passieren zu lassen. Man bereiste verzaubert das Land, in dem Zitronen bl\u00fchen, und folgte dabei Reisef\u00fchrern, die die Route vorgaben und den Parcours als Etappen einer Kulturgeschichte organisierten. An jedem Ort warteten bereits Fotografen, die ihre Bilder der Sehensw\u00fcrdigkeiten feilboten. Die Ausstellung stellt uns eine \u201eItalienische Reise\u201c in seltenen historischen Aufnahmen vor Augen. Von Genua, Verona und Venedig, \u00fcber Florenz und die Toskana, Rom und Neapel bis hin nach Sizilien f\u00fchren uns die etwa 150 Fotografien.<br \/>\nDie Ausstellung ging zur\u00fcck auf ein Projektseminar der Universit\u00e4t Konstanz. Unter Leitung von Prof. Dr. Felix Th\u00fcrlemann und Prof. Dr. Bernd Stiegler erarbeiteten Studierende des Studiengangs LKM Konzept und Inhalt der Ausstellung. Das Projekt wurde vom Amt f\u00fcr Schulen, Bildung und Wissenschaft der Stadt Konstanz unterst\u00fctzt.<\/p>\n<p>F\u00fcr die Ausstellung wurde ein Audiof\u00fchrer mit &#8222;Lieblingsbildern&#8220; konzipiert. Zu insgsamt neun Bildern schrieben Dozenten und Studierende ihre Gedanken auf und sprachen diese ein. Diese Audiodateien wurden zusammen mit den Abbildungen in einer Webapp pr\u00e4sentiert. Die Besucher der Ausstellung wurden bei den entsprechenden Bildern durch ein Symbol auf den Audiobeitrag hingewiesen und konnten so vor dem Original den Audioguide nutzen. <br \/>\u21e8 <a href=\"http:\/\/www.lkm.uni-konstanz.de\/ItalienischeReise\/\" target=\"_blank\" rel=\"noopener noreferrer\">Zum Audioguide<\/a><\/p>\n<div class='white' style='background:rgba(0,0,0,0); border:solid 0px rgba(0,0,0,0); border-radius:0px; padding:0px 0px 0px 0px;'>\n<div id='slider_515' class='owl-carousel sa_owl_theme owl-pagination-true autohide-arrows' data-slider-id='slider_515' style='visibility:hidden;'>\n<div id='slider_515_slide01' class='sa_hover_container' style='padding:5% 5%; margin:0px 0%; background-image:url(&quot;https:\/\/www.lkm.uni-konstanz.de\/facetten\/wp-content\/uploads\/sites\/3\/2018\/09\/2017_italReise01.jpg&quot;); background-position:center center; background-size:contain; background-repeat:no-repeat; background-color:rgb(204, 204, 204); '><\/div>\n<div id='slider_515_slide02' class='sa_hover_container' style='padding:5% 5%; margin:0px 0%; background-image:url(&quot;https:\/\/www.lkm.uni-konstanz.de\/facetten\/wp-content\/uploads\/sites\/3\/2018\/09\/2017_italReise02.jpg&quot;); background-position:center center; background-size:contain; background-repeat:no-repeat; background-color:rgb(204, 204, 204); '><\/div>\n<div id='slider_515_slide03' class='sa_hover_container' style='padding:5% 5%; margin:0px 0%; background-image:url(&quot;https:\/\/www.lkm.uni-konstanz.de\/facetten\/wp-content\/uploads\/sites\/3\/2018\/09\/2017_italReise03.jpg&quot;); background-position:center center; background-size:contain; background-repeat:no-repeat; background-color:rgb(204, 204, 204); '><\/div>\n<div id='slider_515_slide04' class='sa_hover_container' style='padding:5% 5%; margin:0px 0%; background-image:url(&quot;https:\/\/www.lkm.uni-konstanz.de\/facetten\/wp-content\/uploads\/sites\/3\/2018\/09\/2017_italReise04.jpg&quot;); background-position:center center; background-size:contain; background-repeat:no-repeat; background-color:rgb(204, 204, 204); '><\/div>\n<div id='slider_515_slide05' class='sa_hover_container' style='padding:5% 5%; margin:0px 0%; background-image:url(&quot;https:\/\/www.lkm.uni-konstanz.de\/facetten\/wp-content\/uploads\/sites\/3\/2018\/09\/2017_italReise05.jpg&quot;); background-position:center center; background-size:contain; background-repeat:no-repeat; background-color:rgb(204, 204, 204); '><\/div>\n<div id='slider_515_slide06' class='sa_hover_container' style='padding:5% 5%; margin:0px 0%; background-image:url(&quot;https:\/\/www.lkm.uni-konstanz.de\/facetten\/wp-content\/uploads\/sites\/3\/2018\/09\/2017_italReise06.jpg&quot;); background-position:center center; background-size:contain; background-repeat:no-repeat; background-color:rgb(204, 204, 204); '><\/div>\n<\/div>\n<\/div>\n<script type='text\/javascript'>\n\tjQuery(document).ready(function() {\n\t\tjQuery('#slider_515').owlCarousel({\n\t\t\titems : 1,\n\t\t\tsmartSpeed : 200,\n\t\t\tautoplay : true,\n\t\t\tautoplayTimeout : 5000,\n\t\t\tautoplayHoverPause : true,\n\t\t\tsmartSpeed : 200,\n\t\t\tfluidSpeed : 200,\n\t\t\tautoplaySpeed : 200,\n\t\t\tnavSpeed : 200,\n\t\t\tdotsSpeed : 200,\n\t\t\tloop : true,\n\t\t\tnav : true,\n\t\t\tnavText : ['Previous','Next'],\n\t\t\tdots : true,\n\t\t\tresponsiveRefreshRate : 200,\n\t\t\tslideBy : 1,\n\t\t\tmergeFit : true,\n\t\t\tautoHeight : false,\n\t\t\tmouseDrag : true,\n\t\t\ttouchDrag : true\n\t\t});\n\t\tjQuery('#slider_515').css('visibility', 'visible');\n\t\tsa_resize_slider_515();\n\t\twindow.addEventListener('resize', sa_resize_slider_515);\n\t\tfunction sa_resize_slider_515() {\n\t\t\tvar min_height = '50';\n\t\t\tvar win_width = jQuery(window).width();\n\t\t\tvar slider_width = jQuery('#slider_515').width();\n\t\t\tif (win_width < 480) {\n\t\t\t\tvar slide_width = slider_width \/ 1;\n\t\t\t} else if (win_width < 768) {\n\t\t\t\tvar slide_width = slider_width \/ 1;\n\t\t\t} else if (win_width < 980) {\n\t\t\t\tvar slide_width = slider_width \/ 1;\n\t\t\t} else if (win_width < 1200) {\n\t\t\t\tvar slide_width = slider_width \/ 1;\n\t\t\t} else if (win_width < 1500) {\n\t\t\t\tvar slide_width = slider_width \/ 1;\n\t\t\t} else {\n\t\t\t\tvar slide_width = slider_width \/ 1;\n\t\t\t}\n\t\t\tslide_width = Math.round(slide_width);\n\t\t\tvar slide_height = '0';\n\t\t\tif (min_height == 'aspect43') {\n\t\t\t\tslide_height = (slide_width \/ 4) * 3;\t\t\t\tslide_height = Math.round(slide_height);\n\t\t\t} else if (min_height == 'aspect169') {\n\t\t\t\tslide_height = (slide_width \/ 16) * 9;\t\t\t\tslide_height = Math.round(slide_height);\n\t\t\t} else {\n\t\t\t\tslide_height = (slide_width \/ 100) * min_height;\t\t\t\tslide_height = Math.round(slide_height);\n\t\t\t}\n\t\t\tjQuery('#slider_515 .owl-item .sa_hover_container').css('min-height', slide_height+'px');\n\t\t}\n\t\tvar owl_goto = jQuery('#slider_515');\n\t\tjQuery('.slider_515_goto1').click(function(event){\n\t\t\towl_goto.trigger('to.owl.carousel', 0);\n\t\t});\n\t\tjQuery('.slider_515_goto2').click(function(event){\n\t\t\towl_goto.trigger('to.owl.carousel', 1);\n\t\t});\n\t\tjQuery('.slider_515_goto3').click(function(event){\n\t\t\towl_goto.trigger('to.owl.carousel', 2);\n\t\t});\n\t\tjQuery('.slider_515_goto4').click(function(event){\n\t\t\towl_goto.trigger('to.owl.carousel', 3);\n\t\t});\n\t\tjQuery('.slider_515_goto5').click(function(event){\n\t\t\towl_goto.trigger('to.owl.carousel', 4);\n\t\t});\n\t\tjQuery('.slider_515_goto6').click(function(event){\n\t\t\towl_goto.trigger('to.owl.carousel', 5);\n\t\t});\n\t\tvar resize_515 = jQuery('.owl-carousel');\n\t\tresize_515.on('initialized.owl.carousel', function(e) {\n\t\t\tif (typeof(Event) === 'function') {\n\t\t\t\twindow.dispatchEvent(new Event('resize'));\n\t\t\t} else {\n\t\t\t\tvar evt = window.document.createEvent('UIEvents');\n\t\t\t\tevt.initUIEvent('resize', true, false, window, 0);\n\t\t\t\twindow.dispatchEvent(evt);\n\t\t\t}\n\t\t});\n\t});\n<\/script>\n\n","protected":false},"excerpt":{"rendered":"<p>Im 19. Jahrhundert brachten Reisende aus Italien viele besondere Eindr\u00fccke, aber auch oft Fotografien mit heim. Die \u201eGrand Tour\u201c, die beg\u00fcterte Reisende im 19. Jahrhundert unternahmen, war ein Bildungsparcours, der [&hellip;]<\/p>\n","protected":false},"author":1,"featured_media":523,"comment_status":"closed","ping_status":"open","sticky":false,"template":"","format":"standard","meta":{"_stc_notifier_status":"","_stc_notifier_sent_time":"","_stc_notifier_request":false,"_stc_notifier_prevent":false,"_stc_subscriber_keywords":"","_stc_subscriber_search_areas":"","footnotes":""},"categories":[1,3,10],"tags":[16,17,21,29,37,65,68,92],"class_list":["post-514","post","type-post","status-publish","format-standard","has-post-thumbnail","hentry","category-allgemein","category-ausstellung","category-web-app","tag-audioguide","tag-ausstellung","tag-bildungsturm","tag-fotografie","tag-italien","tag-projektseminar","tag-reisefotografie","tag-webapp"],"_links":{"self":[{"href":"https:\/\/www.lkm.uni-konstanz.de\/facetten\/wp-json\/wp\/v2\/posts\/514","targetHints":{"allow":["GET"]}}],"collection":[{"href":"https:\/\/www.lkm.uni-konstanz.de\/facetten\/wp-json\/wp\/v2\/posts"}],"about":[{"href":"https:\/\/www.lkm.uni-konstanz.de\/facetten\/wp-json\/wp\/v2\/types\/post"}],"author":[{"embeddable":true,"href":"https:\/\/www.lkm.uni-konstanz.de\/facetten\/wp-json\/wp\/v2\/users\/1"}],"replies":[{"embeddable":true,"href":"https:\/\/www.lkm.uni-konstanz.de\/facetten\/wp-json\/wp\/v2\/comments?post=514"}],"version-history":[{"count":1,"href":"https:\/\/www.lkm.uni-konstanz.de\/facetten\/wp-json\/wp\/v2\/posts\/514\/revisions"}],"predecessor-version":[{"id":774,"href":"https:\/\/www.lkm.uni-konstanz.de\/facetten\/wp-json\/wp\/v2\/posts\/514\/revisions\/774"}],"wp:featuredmedia":[{"embeddable":true,"href":"https:\/\/www.lkm.uni-konstanz.de\/facetten\/wp-json\/wp\/v2\/media\/523"}],"wp:attachment":[{"href":"https:\/\/www.lkm.uni-konstanz.de\/facetten\/wp-json\/wp\/v2\/media?parent=514"}],"wp:term":[{"taxonomy":"category","embeddable":true,"href":"https:\/\/www.lkm.uni-konstanz.de\/facetten\/wp-json\/wp\/v2\/categories?post=514"},{"taxonomy":"post_tag","embeddable":true,"href":"https:\/\/www.lkm.uni-konstanz.de\/facetten\/wp-json\/wp\/v2\/tags?post=514"}],"curies":[{"name":"wp","href":"https:\/\/api.w.org\/{rel}","templated":true}]}}