{"id":28,"date":"2018-05-01T16:33:18","date_gmt":"2018-05-01T14:33:18","guid":{"rendered":"http:\/\/kim59.wwwdns.kim.uni-konstanz.de\/blog\/showroom\/?p=28"},"modified":"2018-05-01T16:33:18","modified_gmt":"2018-05-01T14:33:18","slug":"exkursion-nach-turin-und-umgebung-und-zu-den-sacri-monti-12-19-10-2014","status":"publish","type":"post","link":"https:\/\/www.lkm.uni-konstanz.de\/facetten\/exkursion-nach-turin-und-umgebung-und-zu-den-sacri-monti-12-19-10-2014\/","title":{"rendered":"Exkursion nach Turin und Umgebung und zu den Sacri Monti, 12.-19.10.2014"},"content":{"rendered":"<p class=\"LKM-Abstract\">\u00dcber gemeinsame Lekt\u00fcren und Kurzreferate n\u00e4herten sich die Studenten im Seminar \u201aBild-Bau-Stadt\u2018 unter der Leitung von Prof. Dr. Felix Th\u00fcrlemann und Prof. Dr. Steffen Bogen dem Thema der Integration von Bildern in Architektur und dem des Zusammenspiels von Bauten innerhalb eines Stadtgef\u00fcges an. Besonderes Augenmerk galt dabei der Zeit von Barock und Sp\u00e4tbarock, sowie den Turiner F\u00fcrstenresidenzen und den Sacri Monti Oberitaliens. Architektur als Repr\u00e4sentation des Herrschens oder, als Gegenmodell hierzu, in den Sacri Monti als individueller Nachvollzug der Passion Christi durch den Gl\u00e4ubigen, wurden thematisiert. Die Studenten besuchten mit Prof. Dr. Felix Th\u00fcrlemann und Priv.-Doz. Dr. Steffen Bogen unter anderem den Sacro Monte in Varallo und Orta, die Abtei Novalesa und bedeutende Geb\u00e4ude in und um Turin, wie etwa die Mole Antonelliana, die Superga, das Castello di Rivoli, das Lingotto oder auch Stupinigi.<\/p>\n<div class='white' style='background:rgba(0,0,0,0); border:solid 0px rgba(0,0,0,0); border-radius:0px; padding:0px 0px 0px 0px;'>\n<div id='slider_428' class='owl-carousel sa_owl_theme owl-pagination-true autohide-arrows' data-slider-id='slider_428' style='visibility:hidden;'>\n<div id='slider_428_slide01' class='sa_hover_container' style='padding:5% 5%; margin:0px 0%; background-image:url(&quot;https:\/\/www.lkm.uni-konstanz.de\/facetten\/wp-content\/uploads\/sites\/3\/2018\/05\/2014_turin05.jpg&quot;); background-position:center center; background-size:contain; background-repeat:no-repeat; background-color:rgb(204, 204, 204); '><p>Turin, Galleria Subalpina<\/p><\/div>\n<div id='slider_428_slide02' class='sa_hover_container' style='padding:5% 5%; margin:0px 0%; background-image:url(&quot;https:\/\/www.lkm.uni-konstanz.de\/facetten\/wp-content\/uploads\/sites\/3\/2018\/09\/2014_turin06.jpg&quot;); background-position:center center; background-size:contain; background-repeat:no-repeat; background-color:rgb(204, 204, 204); '><p>Sacro Monte di Varallo<\/p><\/div>\n<div id='slider_428_slide03' class='sa_hover_container' style='padding:5% 5%; margin:0px 0%; background-image:url(&quot;https:\/\/www.lkm.uni-konstanz.de\/facetten\/wp-content\/uploads\/sites\/3\/2018\/05\/2014_turin03.jpg&quot;); background-position:center center; background-size:contain; background-repeat:no-repeat; background-color:rgb(204, 204, 204); '><p>Turin, Piazza San Carlo<\/p><\/div>\n<div id='slider_428_slide04' class='sa_hover_container' style='padding:5% 5%; margin:0px 0%; background-image:url(&quot;https:\/\/www.lkm.uni-konstanz.de\/facetten\/wp-content\/uploads\/sites\/3\/2018\/05\/2014_turin04.jpg&quot;); background-position:center center; background-size:contain; background-repeat:no-repeat; background-color:rgb(204, 204, 204); '><p>Reggia di Venaria Reale, Chiesa di Sant'Uberto und Torre del Belvedere<\/p><\/div>\n<div id='slider_428_slide05' class='sa_hover_container' style='padding:5% 5%; margin:0px 0%; background-image:url(&quot;https:\/\/www.lkm.uni-konstanz.de\/facetten\/wp-content\/uploads\/sites\/3\/2018\/05\/2014_turin02.jpg&quot;); background-position:center center; background-size:contain; background-repeat:no-repeat; background-color:rgb(204, 204, 204); '><p>Auf dem Weg zur Abtei Novalesa<\/p><\/div>\n<div id='slider_428_slide06' class='sa_hover_container' style='padding:5% 5%; margin:0px 0%; background-image:url(&quot;https:\/\/www.lkm.uni-konstanz.de\/facetten\/wp-content\/uploads\/sites\/3\/2018\/05\/2014_turin01.jpg&quot;); background-position:center center; background-size:contain; background-repeat:no-repeat; background-color:rgb(204, 204, 204); '><p>Sacro Monte di Varallo<\/p><\/div>\n<\/div>\n<\/div>\n<script type='text\/javascript'>\n\tjQuery(document).ready(function() {\n\t\tjQuery('#slider_428').owlCarousel({\n\t\t\titems : 1,\n\t\t\tsmartSpeed : 200,\n\t\t\tautoplay : true,\n\t\t\tautoplayTimeout : 5000,\n\t\t\tautoplayHoverPause : true,\n\t\t\tsmartSpeed : 200,\n\t\t\tfluidSpeed : 200,\n\t\t\tautoplaySpeed : 200,\n\t\t\tnavSpeed : 200,\n\t\t\tdotsSpeed : 200,\n\t\t\tloop : true,\n\t\t\tnav : true,\n\t\t\tnavText : ['Previous','Next'],\n\t\t\tdots : true,\n\t\t\tresponsiveRefreshRate : 200,\n\t\t\tslideBy : 1,\n\t\t\tmergeFit : true,\n\t\t\tautoHeight : false,\n\t\t\tmouseDrag : true,\n\t\t\ttouchDrag : true\n\t\t});\n\t\tjQuery('#slider_428').css('visibility', 'visible');\n\t\tsa_resize_slider_428();\n\t\twindow.addEventListener('resize', sa_resize_slider_428);\n\t\tfunction sa_resize_slider_428() {\n\t\t\tvar min_height = '50';\n\t\t\tvar win_width = jQuery(window).width();\n\t\t\tvar slider_width = jQuery('#slider_428').width();\n\t\t\tif (win_width < 480) {\n\t\t\t\tvar slide_width = slider_width \/ 1;\n\t\t\t} else if (win_width < 768) {\n\t\t\t\tvar slide_width = slider_width \/ 1;\n\t\t\t} else if (win_width < 980) {\n\t\t\t\tvar slide_width = slider_width \/ 1;\n\t\t\t} else if (win_width < 1200) {\n\t\t\t\tvar slide_width = slider_width \/ 1;\n\t\t\t} else if (win_width < 1500) {\n\t\t\t\tvar slide_width = slider_width \/ 1;\n\t\t\t} else {\n\t\t\t\tvar slide_width = slider_width \/ 1;\n\t\t\t}\n\t\t\tslide_width = Math.round(slide_width);\n\t\t\tvar slide_height = '0';\n\t\t\tif (min_height == 'aspect43') {\n\t\t\t\tslide_height = (slide_width \/ 4) * 3;\t\t\t\tslide_height = Math.round(slide_height);\n\t\t\t} else if (min_height == 'aspect169') {\n\t\t\t\tslide_height = (slide_width \/ 16) * 9;\t\t\t\tslide_height = Math.round(slide_height);\n\t\t\t} else {\n\t\t\t\tslide_height = (slide_width \/ 100) * min_height;\t\t\t\tslide_height = Math.round(slide_height);\n\t\t\t}\n\t\t\tjQuery('#slider_428 .owl-item .sa_hover_container').css('min-height', slide_height+'px');\n\t\t}\n\t\tvar owl_goto = jQuery('#slider_428');\n\t\tjQuery('.slider_428_goto1').click(function(event){\n\t\t\towl_goto.trigger('to.owl.carousel', 0);\n\t\t});\n\t\tjQuery('.slider_428_goto2').click(function(event){\n\t\t\towl_goto.trigger('to.owl.carousel', 1);\n\t\t});\n\t\tjQuery('.slider_428_goto3').click(function(event){\n\t\t\towl_goto.trigger('to.owl.carousel', 2);\n\t\t});\n\t\tjQuery('.slider_428_goto4').click(function(event){\n\t\t\towl_goto.trigger('to.owl.carousel', 3);\n\t\t});\n\t\tjQuery('.slider_428_goto5').click(function(event){\n\t\t\towl_goto.trigger('to.owl.carousel', 4);\n\t\t});\n\t\tjQuery('.slider_428_goto6').click(function(event){\n\t\t\towl_goto.trigger('to.owl.carousel', 5);\n\t\t});\n\t\tvar resize_428 = jQuery('.owl-carousel');\n\t\tresize_428.on('initialized.owl.carousel', function(e) {\n\t\t\tif (typeof(Event) === 'function') {\n\t\t\t\twindow.dispatchEvent(new Event('resize'));\n\t\t\t} else {\n\t\t\t\tvar evt = window.document.createEvent('UIEvents');\n\t\t\t\tevt.initUIEvent('resize', true, false, window, 0);\n\t\t\t\twindow.dispatchEvent(evt);\n\t\t\t}\n\t\t});\n\t});\n<\/script>\n\n","protected":false},"excerpt":{"rendered":"<p>\u00dcber gemeinsame Lekt\u00fcren und Kurzreferate n\u00e4herten sich die Studenten im Seminar \u201aBild-Bau-Stadt\u2018 unter der Leitung von Prof. Dr. Felix Th\u00fcrlemann und Prof. Dr. Steffen Bogen dem Thema der Integration von [&hellip;]<\/p>\n","protected":false},"author":1,"featured_media":436,"comment_status":"closed","ping_status":"closed","sticky":false,"template":"","format":"standard","meta":{"_stc_notifier_status":"","_stc_notifier_sent_time":"","_stc_notifier_request":false,"_stc_notifier_prevent":false,"_stc_subscriber_keywords":"","_stc_subscriber_search_areas":"","footnotes":""},"categories":[1,4],"tags":[24,40,53,55,59,69,78,79,83,86],"class_list":["post-28","post","type-post","status-publish","format-standard","has-post-thumbnail","hentry","category-allgemein","category-exkursion","tag-exkursion","tag-kunst","tag-mole-antonelliana","tag-novalesa","tag-orta","tag-sacri-monti","tag-stupinigi","tag-superga","tag-turin","tag-varallo"],"_links":{"self":[{"href":"https:\/\/www.lkm.uni-konstanz.de\/facetten\/wp-json\/wp\/v2\/posts\/28","targetHints":{"allow":["GET"]}}],"collection":[{"href":"https:\/\/www.lkm.uni-konstanz.de\/facetten\/wp-json\/wp\/v2\/posts"}],"about":[{"href":"https:\/\/www.lkm.uni-konstanz.de\/facetten\/wp-json\/wp\/v2\/types\/post"}],"author":[{"embeddable":true,"href":"https:\/\/www.lkm.uni-konstanz.de\/facetten\/wp-json\/wp\/v2\/users\/1"}],"replies":[{"embeddable":true,"href":"https:\/\/www.lkm.uni-konstanz.de\/facetten\/wp-json\/wp\/v2\/comments?post=28"}],"version-history":[{"count":0,"href":"https:\/\/www.lkm.uni-konstanz.de\/facetten\/wp-json\/wp\/v2\/posts\/28\/revisions"}],"wp:featuredmedia":[{"embeddable":true,"href":"https:\/\/www.lkm.uni-konstanz.de\/facetten\/wp-json\/wp\/v2\/media\/436"}],"wp:attachment":[{"href":"https:\/\/www.lkm.uni-konstanz.de\/facetten\/wp-json\/wp\/v2\/media?parent=28"}],"wp:term":[{"taxonomy":"category","embeddable":true,"href":"https:\/\/www.lkm.uni-konstanz.de\/facetten\/wp-json\/wp\/v2\/categories?post=28"},{"taxonomy":"post_tag","embeddable":true,"href":"https:\/\/www.lkm.uni-konstanz.de\/facetten\/wp-json\/wp\/v2\/tags?post=28"}],"curies":[{"name":"wp","href":"https:\/\/api.w.org\/{rel}","templated":true}]}}