{"id":125,"date":"2018-05-17T14:38:28","date_gmt":"2018-05-17T12:38:28","guid":{"rendered":"http:\/\/kim59.wwwdns.kim.uni-konstanz.de\/blog\/facetten\/?p=125"},"modified":"2018-05-17T14:38:28","modified_gmt":"2018-05-17T12:38:28","slug":"aussstellung-50-jahre-universitaet-konstanz","status":"publish","type":"post","link":"https:\/\/www.lkm.uni-konstanz.de\/facetten\/aussstellung-50-jahre-universitaet-konstanz\/","title":{"rendered":"50 Jahre Universit\u00e4t Konstanz \u2013 Eine Fotoausstellung. Bildungsturm Konstanz, 03.06.-16.07.2016 \/ \u201aBilderkeller\u2018 Universit\u00e4t Konstanz, 07.06.-07.07.2016"},"content":{"rendered":"<p>Eine Doppelausstellung im Konstanzer BildungsTURM und im \u201eBilderkeller\u201c der Universit\u00e4t Konstanz f\u00fchrte die Geschichte der Universit\u00e4t vor Augen. In den vergangenen f\u00fcnfzig Jahren hat sich viel getan an der Universit\u00e4t Konstanz. Au\u00dfer zahlreichen baulichen Ver\u00e4nderungen haben auch das Forschen, Lernen und Leben auf dem Campus einen Wandel erfahren.<\/p>\n<p>\nIn einem Seminar des Studiengangs LKM hatten die Studierenden historische Fotografien gesichtet, die ein Bild der Geschichte der Universit\u00e4t Konstanz entstehen lassen und neue Aufnahmen angefertigt. Dar\u00fcber hinaus wurden zahlreiche weitere Zeitdokumente zusammen getragen: Vorlesungsverzeichnisse, \u00fcber Jahre gesammelte Faltbl\u00e4tter und Plakate, die Titel vieler Ausgaben des uni&#8217;kon-Magazins, ein pers\u00f6nliches Fotoalbum und anderes mehr. Der Fokus der Ausstellung im BildungsTURM, die am Donnerstag, 2. Juni 2016, im Rahmen einer Vernissage er\u00f6ffnet wurde, lag dabei nicht auf der Rolle einzelner Pers\u00f6nlichkeiten, sondern auf der Universit\u00e4t als dynamischem und anregendem Lebens-, Lern- und Arbeitsraum, denn das sei, so Bernd Stiegler, \u201eentscheidend f\u00fcr die Idee einer Reformuniversit\u00e4t&#8220;. Im BildungsTURM, wo vor allem historische Fotografien der Konstanzer Fotografen Heinz Finke und Franzis von Stechow gezeigt wurden, war es auch m\u00f6glich, die Webdokumentation abzurufen, die ebenfalls zum 50. Geburtstag der Universit\u00e4t Konstanz als studentisches Projekt im Rahmen der Studieng\u00e4nge LKM und Informatik entstanden ist. Als besonderes Highlight wurden originale Entwurfszeichnungen f\u00fcr das Signet der Universit\u00e4t Konstanz gezeigt, das von dem international bekannten Grafikdesigner Otl Aicher entworfen wurde, der 1953 die Hochschule f\u00fcr Gestaltung Ulm mit begr\u00fcndete und das optische Erscheinungsbild der Olympischen Spiele 1972 in M\u00fcnchen pr\u00e4gte.<\/p>\n<p>\nIm ehemaligen Fahrradkeller der Universit\u00e4t auf dem Gie\u00dfberg, der w\u00e4hrend der Jubil\u00e4umsfeierlichkeiten als \u201eBilderkeller\u201c in Erscheinung trat, wurde die Ausstellung durch Fotografien erg\u00e4nzt, die die Studierenden selbst gemacht hatten. Zu sehen waren jeweils Serien zu unterschiedlichen Schwerpunktthemen wie Graffitis, Pinnw\u00e4nde und Schreibtische, sowie neue Blicke auf die Architektur der Universit\u00e4t. Erg\u00e4nzt werden die Fotografien im \u201eBilderkeller\u201c durch historische Plakate. <\/p>\n","protected":false},"excerpt":{"rendered":"<p>Eine Doppelausstellung im Konstanzer BildungsTURM und im \u201eBilderkeller\u201c der Universit\u00e4t Konstanz f\u00fchrte die Geschichte der Universit\u00e4t vor Augen. In den vergangenen f\u00fcnfzig Jahren hat sich viel getan an der Universit\u00e4t [&hellip;]<\/p>\n","protected":false},"author":1,"featured_media":454,"comment_status":"closed","ping_status":"closed","sticky":false,"template":"","format":"standard","meta":{"_stc_notifier_status":"","_stc_notifier_sent_time":"","_stc_notifier_request":false,"_stc_notifier_prevent":false,"_stc_subscriber_keywords":"","_stc_subscriber_search_areas":"","footnotes":""},"categories":[1,3],"tags":[21,29,32,33,38,63,85],"class_list":["post-125","post","type-post","status-publish","format-standard","has-post-thumbnail","hentry","category-allgemein","category-ausstellung","tag-bildungsturm","tag-fotografie","tag-geburtstag","tag-geschichte","tag-jubilaeum","tag-plakate","tag-universitaet-konstanz"],"_links":{"self":[{"href":"https:\/\/www.lkm.uni-konstanz.de\/facetten\/wp-json\/wp\/v2\/posts\/125","targetHints":{"allow":["GET"]}}],"collection":[{"href":"https:\/\/www.lkm.uni-konstanz.de\/facetten\/wp-json\/wp\/v2\/posts"}],"about":[{"href":"https:\/\/www.lkm.uni-konstanz.de\/facetten\/wp-json\/wp\/v2\/types\/post"}],"author":[{"embeddable":true,"href":"https:\/\/www.lkm.uni-konstanz.de\/facetten\/wp-json\/wp\/v2\/users\/1"}],"replies":[{"embeddable":true,"href":"https:\/\/www.lkm.uni-konstanz.de\/facetten\/wp-json\/wp\/v2\/comments?post=125"}],"version-history":[{"count":0,"href":"https:\/\/www.lkm.uni-konstanz.de\/facetten\/wp-json\/wp\/v2\/posts\/125\/revisions"}],"wp:featuredmedia":[{"embeddable":true,"href":"https:\/\/www.lkm.uni-konstanz.de\/facetten\/wp-json\/wp\/v2\/media\/454"}],"wp:attachment":[{"href":"https:\/\/www.lkm.uni-konstanz.de\/facetten\/wp-json\/wp\/v2\/media?parent=125"}],"wp:term":[{"taxonomy":"category","embeddable":true,"href":"https:\/\/www.lkm.uni-konstanz.de\/facetten\/wp-json\/wp\/v2\/categories?post=125"},{"taxonomy":"post_tag","embeddable":true,"href":"https:\/\/www.lkm.uni-konstanz.de\/facetten\/wp-json\/wp\/v2\/tags?post=125"}],"curies":[{"name":"wp","href":"https:\/\/api.w.org\/{rel}","templated":true}]}}