{"id":1238,"date":"2025-06-14T18:07:39","date_gmt":"2025-06-14T16:07:39","guid":{"rendered":"https:\/\/www.lkm.uni-konstanz.de\/facetten\/?p=1238"},"modified":"2026-03-23T14:54:35","modified_gmt":"2026-03-23T13:54:35","slug":"roger-humbert-fotografien-fuer-den-geistigen-gebrauch-turm-zur-katz-07-02-01-06-2025","status":"publish","type":"post","link":"https:\/\/www.lkm.uni-konstanz.de\/facetten\/roger-humbert-fotografien-fuer-den-geistigen-gebrauch-turm-zur-katz-07-02-01-06-2025\/","title":{"rendered":"Roger Humbert. Fotografien f\u00fcr den geistigen Gebrauch \u2013 Turm zur Katz 07.02-01.06.2025"},"content":{"rendered":"<p>Wie gestaltet man eine Fotoausstellung von Grund auf?<\/p>\n<p>Diese Frage stand im Mittelpunkt unseres Seminars, in dem wir uns intensiv mit dem Werk des Schweizer Fotografen Roger Humbert (1929-2022) auseinandergesetzt haben. Humbert gilt als Pionier der Konkreten Fotografie \u2013 einer Kunstform, die die traditionellen Grenzen der Bildentstehung sprengt und mit Licht, Struktur sowie Komposition experimentiert.<\/p>\n<p>Unter der Leitung der Kuratorin des Turm zur Katz Anna Martinez Rodriguez und Prof. Dr. Bernd Stiegler und in Zusammenarbeit mit der Fotostiftung Schweiz haben wir Studierende eine Ausstellung im Turm zur Katz kuratiert \u2013 von der Auswahl der Werke im Archiv bis hin zur eigenst\u00e4ndigen Platzierung der Fotografien im Ausstellungsraum. Mit viel Engagement und handwerklichem Geschick h\u00e4ngten wir die Bilder eigenst\u00e4ndig auf und sammelten dabei wertvolle praktische Erfahrungen in der Ausstellungsorganisation \u2013 so lernten wir beispielsweise, wie jeder Blickwinkel die Kontraste Humberts optimal zur Geltung bringt oder dass am Ende Flexibilit\u00e4t z\u00e4hlt, weil doch immer alles anders kommt als geplant.<\/p>\n<p>Die nun entstandene Ausstellung mit dem Titel &#8222;Fotografien f\u00fcr den geistigen Gebrauch&#8220; zeigt einen \u00dcberblick \u00fcber sein Schaffen und umfasst seine konkreten und kameralosen Fotografien, wie auch Aufnahmen gegenst\u00e4ndlicher Art.<\/p>\n<p>Ein besonderes Highlight unserer Vorbereitung war der Besuch der Fotostiftung Schweiz, bei dem wir die Originalabz\u00fcge Humberts in ihrer vollen Materialit\u00e4t erleben durften. Der direkte Kontakt mit seinen Arbeiten hat unser Verst\u00e4ndnis f\u00fcr seine Technik und seinen k\u00fcnstlerischen Ansatz erheblich vertieft. Hier wurde uns klar, wie innovative Ideen mit handwerklichem K\u00f6nnen verschmelzen.<\/p>\n<p>Unser Ziel war es, Humberts Werk in einem neuen Licht zu pr\u00e4sentieren: Ikonische Reisefotografien treffen auf abstrakte Lichtkompositionen, und Vergangenheit sowie Gegenwart verschmelzen zu einem einzigartigen visuellen Erlebnis. Die Ausstellung regt dazu an, \u00fcber die vielf\u00e4ltigen M\u00f6glichkeiten der Fotografie nachzudenken und die oft unsichtbare Verbindung zwischen Licht und Schatten zu entdecken.<\/p>\n<p>Doch eine Ausstellung zu kuratieren, bedeutet weit mehr als nur Bilder auszuw\u00e4hlen. Es erfordert Teamgeist, Durchhalteverm\u00f6gen und einen scharfen Blick f\u00fcr Details. Wir haben gemeinsam Herausforderungen bew\u00e4ltigt und jedes Element der Ausstellungsplanung mit gro\u00dfer Sorgfalt umgesetzt. Diese intensive Zusammenarbeit hat uns nicht nur fachlich, sondern auch pers\u00f6nlich wachsen lassen.<\/p>\n<p>Der Turm zur Katz zeigte die Ausstellung vom 07.02-01.06.2025, im Anschluss wird sie vom vom 21.06-12.10.2025 in der Fotostiftung Schweiz zu sehen sein. Zudem ist im Verlag Vexler ein gleichnamiger Katalog erschienen.<\/p>\n<div class='white' style='background:rgba(0,0,0,0); border:solid 0px rgba(0,0,0,0); border-radius:0px; padding:0px 0px 0px 0px;'>\n<div id='slider_1239' class='owl-carousel sa_owl_theme owl-pagination-true autohide-arrows' data-slider-id='slider_1239' style='visibility:hidden;'>\n<div id='slider_1239_slide01' class='sa_hover_container' style='padding:5% 5%; margin:0px 0%; background-image:url(&quot;https:\/\/www.lkm.uni-konstanz.de\/facetten\/wp-content\/uploads\/sites\/3\/2025\/06\/Roger-Humbert_Flyer.jpg&quot;); background-position:center center; background-size:contain; background-repeat:no-repeat; background-color:rgb(204, 204, 204); '><p>Flyer der Ausstellung<\/p><\/div>\n<div id='slider_1239_slide02' class='sa_hover_container' style='padding:5% 5%; margin:0px 0%; background-image:url(&quot;https:\/\/www.lkm.uni-konstanz.de\/facetten\/wp-content\/uploads\/sites\/3\/2025\/06\/RogerHumbert-Vincent-Dittner-01.jpg&quot;); background-position:center center; background-size:contain; background-repeat:no-repeat; background-color:rgb(204, 204, 204); '><p>Ausstellungsvorbereitung @ Vincent Dittner<\/p><\/div>\n<div id='slider_1239_slide03' class='sa_hover_container' style='padding:5% 5%; margin:0px 0%; background-image:url(&quot;https:\/\/www.lkm.uni-konstanz.de\/facetten\/wp-content\/uploads\/sites\/3\/2025\/06\/RogerHumbert-Vincent-Dittner-03.jpg&quot;); background-position:center center; background-size:contain; background-repeat:no-repeat; background-color:rgb(204, 204, 204); '><p>Ausstellungsvorbereitung @ Vincent Dittner<\/p><\/div>\n<div id='slider_1239_slide04' class='sa_hover_container' style='padding:5% 5%; margin:0px 0%; background-image:url(&quot;https:\/\/www.lkm.uni-konstanz.de\/facetten\/wp-content\/uploads\/sites\/3\/2025\/06\/RogerHumbert-Vincent-Dittner-02.jpg&quot;); background-position:center center; background-size:contain; background-repeat:no-repeat; background-color:rgb(204, 204, 204); '><p>Ausstellungsvorbereitung @ Vincent Dittner<\/p><\/div>\n<div id='slider_1239_slide05' class='sa_hover_container' style='padding:5% 5%; margin:0px 0%; background-image:url(&quot;https:\/\/www.lkm.uni-konstanz.de\/facetten\/wp-content\/uploads\/sites\/3\/2025\/06\/RogerHumbert-Vincent-Dittner-06.jpg&quot;); background-position:center center; background-size:contain; background-repeat:no-repeat; background-color:rgb(204, 204, 204); '><p>Ausstellungsvorbereitung @ Vincent Dittner<\/p><\/div>\n<div id='slider_1239_slide06' class='sa_hover_container' style='padding:5% 5%; margin:0px 0%; background-image:url(&quot;https:\/\/www.lkm.uni-konstanz.de\/facetten\/wp-content\/uploads\/sites\/3\/2025\/06\/RogerHumbert-Vincent-Dittner-04.jpg&quot;); background-position:center center; background-size:contain; background-repeat:no-repeat; background-color:rgb(204, 204, 204); '><p>Ausstellungsvorbereitung @ Vincent Dittner<\/p><\/div>\n<div id='slider_1239_slide07' class='sa_hover_container' style='padding:5% 5%; margin:0px 0%; background-image:url(&quot;https:\/\/www.lkm.uni-konstanz.de\/facetten\/wp-content\/uploads\/sites\/3\/2025\/06\/RogerHumbert-Vincent-Dittner-05.jpg&quot;); background-position:center center; background-size:contain; background-repeat:no-repeat; background-color:rgb(204, 204, 204); '><p>Ausstellungsvorbereitung @ Vincent Dittner<\/p><\/div>\n<div id='slider_1239_slide08' class='sa_hover_container' style='padding:5% 5%; margin:0px 0%; background-image:url(&quot;https:\/\/www.lkm.uni-konstanz.de\/facetten\/wp-content\/uploads\/sites\/3\/2025\/06\/RogerHumbert-Lowres-Ines-Janas-Ausstellungsansichten01.jpg&quot;); background-position:center center; background-size:contain; background-repeat:no-repeat; background-color:rgb(204, 204, 204); '><p>Ausstellungsansicht @ Ines Janas und Turm zur Katz<\/p><\/div>\n<div id='slider_1239_slide09' class='sa_hover_container' style='padding:5% 5%; margin:0px 0%; background-image:url(&quot;https:\/\/www.lkm.uni-konstanz.de\/facetten\/wp-content\/uploads\/sites\/3\/2025\/06\/RogerHumbert-Lowres-Ines-Janas-Ausstellungsansichten02.jpg&quot;); background-position:center center; background-size:contain; background-repeat:no-repeat; background-color:rgb(204, 204, 204); '><p>Ausstellungsansicht @ Ines Janas und Turm zur Katz<\/p><\/div>\n<div id='slider_1239_slide10' class='sa_hover_container' style='padding:5% 5%; margin:0px 0%; background-image:url(&quot;https:\/\/www.lkm.uni-konstanz.de\/facetten\/wp-content\/uploads\/sites\/3\/2025\/06\/RogerHumbert-Lowres-Ines-Janas-Ausstellungsansichten03.jpg&quot;); background-position:center center; background-size:contain; background-repeat:no-repeat; background-color:rgb(204, 204, 204); '><p>Ausstellungsansicht @ Ines Janas und Turm zur Katz<\/p><\/div>\n<div id='slider_1239_slide11' class='sa_hover_container' style='padding:5% 5%; margin:0px 0%; background-image:url(&quot;https:\/\/www.lkm.uni-konstanz.de\/facetten\/wp-content\/uploads\/sites\/3\/2025\/06\/RogerHumbert-Lowres-Ines-Janas-Ausstellungsansichten04.jpg&quot;); background-position:center center; background-size:contain; background-repeat:no-repeat; background-color:rgb(204, 204, 204); '><p>Ausstellungsansicht @ Ines Janas und Turm zur Katz<\/p><\/div>\n<\/div>\n<\/div>\n<script type='text\/javascript'>\n\tjQuery(document).ready(function() {\n\t\tjQuery('#slider_1239').owlCarousel({\n\t\t\titems : 1,\n\t\t\tsmartSpeed : 200,\n\t\t\tautoplay : true,\n\t\t\tautoplayTimeout : 5000,\n\t\t\tautoplayHoverPause : true,\n\t\t\tsmartSpeed : 200,\n\t\t\tfluidSpeed : 200,\n\t\t\tautoplaySpeed : 200,\n\t\t\tnavSpeed : 200,\n\t\t\tdotsSpeed : 200,\n\t\t\tloop : true,\n\t\t\tnav : true,\n\t\t\tnavText : ['Previous','Next'],\n\t\t\tdots : true,\n\t\t\tresponsiveRefreshRate : 200,\n\t\t\tslideBy : 1,\n\t\t\tmergeFit : true,\n\t\t\tautoHeight : false,\n\t\t\tmouseDrag : false,\n\t\t\ttouchDrag : true\n\t\t});\n\t\tjQuery('#slider_1239').css('visibility', 'visible');\n\t\tsa_resize_slider_1239();\n\t\twindow.addEventListener('resize', sa_resize_slider_1239);\n\t\tfunction sa_resize_slider_1239() {\n\t\t\tvar min_height = '50';\n\t\t\tvar win_width = jQuery(window).width();\n\t\t\tvar slider_width = jQuery('#slider_1239').width();\n\t\t\tif (win_width < 480) {\n\t\t\t\tvar slide_width = slider_width \/ 1;\n\t\t\t} else if (win_width < 768) {\n\t\t\t\tvar slide_width = slider_width \/ 1;\n\t\t\t} else if (win_width < 980) {\n\t\t\t\tvar slide_width = slider_width \/ 1;\n\t\t\t} else if (win_width < 1200) {\n\t\t\t\tvar slide_width = slider_width \/ 1;\n\t\t\t} else if (win_width < 1500) {\n\t\t\t\tvar slide_width = slider_width \/ 1;\n\t\t\t} else {\n\t\t\t\tvar slide_width = slider_width \/ 1;\n\t\t\t}\n\t\t\tslide_width = Math.round(slide_width);\n\t\t\tvar slide_height = '0';\n\t\t\tif (min_height == 'aspect43') {\n\t\t\t\tslide_height = (slide_width \/ 4) * 3;\t\t\t\tslide_height = Math.round(slide_height);\n\t\t\t} else if (min_height == 'aspect169') {\n\t\t\t\tslide_height = (slide_width \/ 16) * 9;\t\t\t\tslide_height = Math.round(slide_height);\n\t\t\t} else {\n\t\t\t\tslide_height = (slide_width \/ 100) * min_height;\t\t\t\tslide_height = Math.round(slide_height);\n\t\t\t}\n\t\t\tjQuery('#slider_1239 .owl-item .sa_hover_container').css('min-height', slide_height+'px');\n\t\t}\n\t\tvar owl_goto = jQuery('#slider_1239');\n\t\tjQuery('.slider_1239_goto1').click(function(event){\n\t\t\towl_goto.trigger('to.owl.carousel', 0);\n\t\t});\n\t\tjQuery('.slider_1239_goto2').click(function(event){\n\t\t\towl_goto.trigger('to.owl.carousel', 1);\n\t\t});\n\t\tjQuery('.slider_1239_goto3').click(function(event){\n\t\t\towl_goto.trigger('to.owl.carousel', 2);\n\t\t});\n\t\tjQuery('.slider_1239_goto4').click(function(event){\n\t\t\towl_goto.trigger('to.owl.carousel', 3);\n\t\t});\n\t\tjQuery('.slider_1239_goto5').click(function(event){\n\t\t\towl_goto.trigger('to.owl.carousel', 4);\n\t\t});\n\t\tjQuery('.slider_1239_goto6').click(function(event){\n\t\t\towl_goto.trigger('to.owl.carousel', 5);\n\t\t});\n\t\tjQuery('.slider_1239_goto7').click(function(event){\n\t\t\towl_goto.trigger('to.owl.carousel', 6);\n\t\t});\n\t\tjQuery('.slider_1239_goto8').click(function(event){\n\t\t\towl_goto.trigger('to.owl.carousel', 7);\n\t\t});\n\t\tjQuery('.slider_1239_goto9').click(function(event){\n\t\t\towl_goto.trigger('to.owl.carousel', 8);\n\t\t});\n\t\tjQuery('.slider_1239_goto10').click(function(event){\n\t\t\towl_goto.trigger('to.owl.carousel', 9);\n\t\t});\n\t\tjQuery('.slider_1239_goto11').click(function(event){\n\t\t\towl_goto.trigger('to.owl.carousel', 10);\n\t\t});\n\t\tvar resize_1239 = jQuery('.owl-carousel');\n\t\tresize_1239.on('initialized.owl.carousel', function(e) {\n\t\t\tif (typeof(Event) === 'function') {\n\t\t\t\twindow.dispatchEvent(new Event('resize'));\n\t\t\t} else {\n\t\t\t\tvar evt = window.document.createEvent('UIEvents');\n\t\t\t\tevt.initUIEvent('resize', true, false, window, 0);\n\t\t\t\twindow.dispatchEvent(evt);\n\t\t\t}\n\t\t});\n\t});\n<\/script>\n\n<div class=\"wp-video-large LKM-video\" style=\"width: 80%;\"><!-- [if lt IE 9]><script>document.createElement('video');<\/script><![endif]--><br \/>\n<video preload=\"metadata\" controls=\"controls\" width=\"80%\" height=\"80%\"><source type=\"video\/mp4\" src=\"https:\/\/www.lkm.uni-konstanz.de\/facetten\/wp-content\/uploads\/facetten-video\/Humbert_Teaser.mp4\" \/><\/video><\/div>\n","protected":false},"excerpt":{"rendered":"<p>Wie gestaltet man eine Fotoausstellung von Grund auf? Diese Frage stand im Mittelpunkt unseres Seminars, in dem wir uns intensiv mit dem Werk des Schweizer Fotografen Roger Humbert (1929-2022) auseinandergesetzt [&hellip;]<\/p>\n","protected":false},"author":1,"featured_media":1259,"comment_status":"closed","ping_status":"open","sticky":false,"template":"","format":"standard","meta":{"_stc_notifier_status":"sent","_stc_notifier_sent_time":"2026-03-23 15:19:47","_stc_notifier_request":false,"_stc_notifier_prevent":false,"_stc_subscriber_keywords":"","_stc_subscriber_search_areas":"","footnotes":""},"categories":[1,3,5],"tags":[],"class_list":["post-1238","post","type-post","status-publish","format-standard","has-post-thumbnail","hentry","category-allgemein","category-ausstellung","category-seminar"],"_links":{"self":[{"href":"https:\/\/www.lkm.uni-konstanz.de\/facetten\/wp-json\/wp\/v2\/posts\/1238","targetHints":{"allow":["GET"]}}],"collection":[{"href":"https:\/\/www.lkm.uni-konstanz.de\/facetten\/wp-json\/wp\/v2\/posts"}],"about":[{"href":"https:\/\/www.lkm.uni-konstanz.de\/facetten\/wp-json\/wp\/v2\/types\/post"}],"author":[{"embeddable":true,"href":"https:\/\/www.lkm.uni-konstanz.de\/facetten\/wp-json\/wp\/v2\/users\/1"}],"replies":[{"embeddable":true,"href":"https:\/\/www.lkm.uni-konstanz.de\/facetten\/wp-json\/wp\/v2\/comments?post=1238"}],"version-history":[{"count":4,"href":"https:\/\/www.lkm.uni-konstanz.de\/facetten\/wp-json\/wp\/v2\/posts\/1238\/revisions"}],"predecessor-version":[{"id":1333,"href":"https:\/\/www.lkm.uni-konstanz.de\/facetten\/wp-json\/wp\/v2\/posts\/1238\/revisions\/1333"}],"wp:featuredmedia":[{"embeddable":true,"href":"https:\/\/www.lkm.uni-konstanz.de\/facetten\/wp-json\/wp\/v2\/media\/1259"}],"wp:attachment":[{"href":"https:\/\/www.lkm.uni-konstanz.de\/facetten\/wp-json\/wp\/v2\/media?parent=1238"}],"wp:term":[{"taxonomy":"category","embeddable":true,"href":"https:\/\/www.lkm.uni-konstanz.de\/facetten\/wp-json\/wp\/v2\/categories?post=1238"},{"taxonomy":"post_tag","embeddable":true,"href":"https:\/\/www.lkm.uni-konstanz.de\/facetten\/wp-json\/wp\/v2\/tags?post=1238"}],"curies":[{"name":"wp","href":"https:\/\/api.w.org\/{rel}","templated":true}]}}