{"id":1165,"date":"2025-03-15T17:17:57","date_gmt":"2025-03-15T16:17:57","guid":{"rendered":"https:\/\/www.lkm.uni-konstanz.de\/facetten\/?p=1165"},"modified":"2026-03-31T15:53:14","modified_gmt":"2026-03-31T13:53:14","slug":"schluesseltexte-feministischer-filmtheorie","status":"publish","type":"post","link":"https:\/\/www.lkm.uni-konstanz.de\/facetten\/schluesseltexte-feministischer-filmtheorie\/","title":{"rendered":"Schl\u00fcsseltexte Feministischer Filmtheorie"},"content":{"rendered":"<p>Im Seminar \u201eSchl\u00fcsseltexte Feministischer Filmtheorie\u201c (WS 2024\/25 unter Leitung von Prof. Dr. Beate Ochsner) haben die Studierenden als Studienleistung eine Reihe von Kurzfilmen und Podcastfolgen produziert. Ziel der \u00dcbung war es, eine praxisorientierte Ann\u00e4herung an feministische Filmtheorie zu er\u00f6ffnen, indem theoretische Konzepte in eine kreative, sinnlich erfahrbare Form \u00fcberf\u00fchrt werden. Anstatt sich nur auf die abstrakte Lekt\u00fcre zu konzentrieren, wird die Theorie durch die praktische Auseinandersetzung mit filmischen Mitteln wie Bildkomposition, Montage, Sound und Narration greifbar. Besonders im feministischen Kontext, in dem der Blick, die Inszenierung von K\u00f6rpern und die Konstruktion von Geschlecht eine zentrale Rolle spielen, erm\u00f6glicht die filmische Praxis ein unmittelbares Nachvollziehen theoretischer Ans\u00e4tze. Dies f\u00f6rdert nicht nur ein analytisches Verst\u00e4ndnis, sondern auch eine k\u00f6rperlich-affektive Reflexion dar\u00fcber, wie feministische Filmtheorie in der audiovisuellen Gestaltung wirksam wird. Die Podcast-Produktion erg\u00e4nzt diesen Zugang um eine diskursive Dimension, indem sie die Reflexion \u00fcber die theoretischen Konzepte h\u00f6rbar macht, Perspektiven verhandelt und die affektive Wirkung von Stimme, Sprache und Soundgestaltung erprobt. W\u00e4hrend der Kurzfilm die Theorie visuell umsetzt, macht der Podcast sie durch argumentativen Austausch und auditive Gestaltung erfahrbar. In dieser Kombination entsteht eine mehrperspektivische Ann\u00e4herung, die \u00fcber die reine Textlekt\u00fcre hinausgeht. Die Produktion erfordert eine bewusste Auseinandersetzung mit feministischen Fragestellungen, sei es durch die Wahl von Kameraperspektiven, das Aufbrechen konventioneller Erz\u00e4hlstrukturen oder die Gestaltung von Ton und Schnitt, wodurch theoretische Begriffe nicht nur verstanden, sondern praktisch angewandt und hinterfragt werden. Durch die performative Umsetzung der Theorie k\u00f6nnen Theoriekonzepte ausprobiert, spielerisch auf ihre Grenzen getestet und in neue Kontexte \u00fcberf\u00fchrt werden . Dieser prozessorientierte Zugang erlaubt eine lustvolle Aneignung der Theorie, die \u00fcber blo\u00dfe Rezeption hinausgeht und sie als lebendige, gestaltbare Praxis erfahrbar macht. Besonders in kollaborativen Produktionsprozessen, in denen Ideen gemeinsam entwickelt, umgesetzt und reflektiert werden, entsteht ein feministisches Arbeiten, das die Prinzipien geteilter Autor*innenschaft und kollektiver Erkenntnisproduktion praktisch erfahrbar macht. Theorie wird in dieser Form nicht nur vermittelt, sondern durch das eigene Tun produziert, transformiert und weitergedacht.<br \/>\n<a name=\"top\"><\/a><\/p>\n<h4>Zu den Folgen:<\/h4>\n<h5><b>Videos:<\/b><\/h5>\n<ul class=\"ihv_liste\">\n<li><a href=\"#gaze\">Your Gaze<\/a><\/li>\n<li><a href=\"#burning\">Burning but Blooming<\/a><\/li>\n<li><a href=\"#blick\">Ein Blick<\/a><\/li>\n<li><a href=\"#riddles\">Riddles of Mulvey<\/a><\/li>\n<li><a href=\"#visuelleLust\">Was ist eigentlich visuelle Lust?<\/a><\/li>\n<\/ul>\n<h5><b>Podcasts:<\/b><\/h5>\n<ul class=\"ihv_liste\">\n<li><a href=\"#gedanken\">Feministische Gedanken<\/a><\/li>\n<li><a href=\"#150sec\">Feministische Filmtheorie in 150 Sekunden<\/a><\/li>\n<li><a href=\"#podcast\">Feministischer Podcast<\/a><\/li>\n<li><a href=\"#rethinking\">Feministische Filmtheorien: Rethinking Women&#8217;s Cinema<\/a><\/li>\n<\/ul>\n<h4>Die Episoden:<\/h4>\n<h5 style=\"text-align: center;\"><b>Videos:<\/b><\/h5>\n<p style=\"text-align: center;\"><a name=\"gaze\"><\/a><br \/>\n<strong>Your Gaze<\/strong><br \/>\nvon Emma Klugermann, Karina Konjuschenko und Maike Plutz<\/p>\n<p style=\"text-align: center;\">Das Video wurde auf Youtube ver\u00f6ffentlicht, mit Klick auf das Vorschaubild werden Sie zu Youtube weitergeleitet.<\/p>\n<p><a href=\"https:\/\/youtu.be\/ye33aXjVMCk\" target=\"_blank\" rel=\"noopener\"><img loading=\"lazy\" decoding=\"async\" class=\"wp-image-1178 size-full aligncenter\" src=\"https:\/\/www.lkm.uni-konstanz.de\/facetten\/wp-content\/uploads\/sites\/3\/2025\/03\/yourgaze.png\" alt=\"Standbild aus dem Film 'Your Gaze'\" width=\"534\" height=\"300\" srcset=\"https:\/\/www.lkm.uni-konstanz.de\/facetten\/wp-content\/uploads\/sites\/3\/2025\/03\/yourgaze.png 534w, https:\/\/www.lkm.uni-konstanz.de\/facetten\/wp-content\/uploads\/sites\/3\/2025\/03\/yourgaze-300x169.png 300w, https:\/\/www.lkm.uni-konstanz.de\/facetten\/wp-content\/uploads\/sites\/3\/2025\/03\/yourgaze-150x84.png 150w, https:\/\/www.lkm.uni-konstanz.de\/facetten\/wp-content\/uploads\/sites\/3\/2025\/03\/yourgaze-508x285.png 508w\" sizes=\"auto, (max-width: 534px) 100vw, 534px\" \/><\/a><\/p>\n<p style=\"text-align: left;\"><a href=\"#top\">\u2191 Nach oben<\/a><\/p>\n<hr \/>\n<p><a name=\"burning\"><\/a><strong>Burning but Blooming<\/strong><br \/>\nvon Michelle E\u00dfer und Lea Kobs<\/p>\n<div class=\"wp-video-large LKM-video\" style=\"width: 80%;\"><!-- [if lt IE 9]><script>document.createElement('video');<\/script><![endif]--><br \/>\n<video preload=\"metadata\" controls=\"controls\" width=\"80%\" height=\"80%\"><source type=\"video\/mp4\" src=\"https:\/\/www.lkm.uni-konstanz.de\/facetten\/wp-content\/uploads\/facetten-video\/Burning_But_Blooming_Feministische_Filmtheorie_Kobs_Esser.mp4\" \/><\/video><\/div>\n<p><a href=\"#top\">\u2191 Nach oben<\/a><\/p>\n<hr \/>\n<p><a name=\"blick\"><\/a><strong>Ein Blick<br \/>\n<\/strong>von Nathalie J\u00f6ckel und Luisa Johannes<\/p>\n<div class=\"wp-video-large LKM-video\" style=\"width: 80%;\"><!-- [if lt IE 9]><script>document.createElement('video');<\/script><![endif]--><br \/>\n<video preload=\"metadata\" controls=\"controls\" width=\"80%\" height=\"80%\"><source type=\"video\/mp4\" src=\"https:\/\/www.lkm.uni-konstanz.de\/facetten\/wp-content\/uploads\/facetten-video\/Ein_Blick_Johannes_Joeckel.mp4\" \/><\/video><\/div>\n<p><a href=\"#top\">\u2191 Nach oben<\/a><\/p>\n<hr \/>\n<p><a name=\"riddles\"><\/a><strong>Riddles of Mulvey<br \/>\n<\/strong>von Jana Gerner, Paula Jahnke und Celia Stelmach<\/p>\n<div class=\"wp-video-large LKM-video\" style=\"width: 80%;\"><!-- [if lt IE 9]><script>document.createElement('video');<\/script><![endif]--><br \/>\n<video preload=\"metadata\" controls=\"controls\" width=\"80%\" height=\"80%\"><source type=\"video\/mp4\" src=\"https:\/\/www.lkm.uni-konstanz.de\/facetten\/wp-content\/uploads\/facetten-video\/Riddles_of_Mulvey_Stelmach_Jahnke_Gerner.mp4\" \/><\/video><\/div>\n<p><a href=\"#top\">\u2191 Nach oben<\/a><\/p>\n<hr \/>\n<p><a name=\"visuelleLust\"><\/a><strong>Was ist eigentlich visuelle Lust?<br \/>\n<\/strong>von Clara Goldammer und Eva Puschmann<\/p>\n<div class=\"wp-video-large LKM-video\" style=\"width: 40%;\"><!-- [if lt IE 9]><script>document.createElement('video');<\/script><![endif]--><br \/>\n<video preload=\"metadata\" controls=\"controls\" width=\"50%\" height=\"50%\"><source type=\"video\/mp4\" src=\"https:\/\/www.lkm.uni-konstanz.de\/facetten\/wp-content\/uploads\/facetten-video\/Visuelle_Lust_Goldammer_Puschmann.mp4\" \/><\/video><\/div>\n<p><a href=\"#top\">\u2191 Nach oben<\/a><\/p>\n<hr \/>\n<h5><b>Podcasts:<\/b><\/h5>\n<p><a name=\"gedanken\"><\/a><strong>Feministische Gedanken<br \/>\n<\/strong>von Linda Dodek, Rawan Ibrahim und Johanna Lovas<\/p>\n<div class=\"wp-video-large LKM-video\" style=\"width: 40%;\"><!-- [if lt IE 9]><script>document.createElement('video');<\/script><![endif]--><br \/>\n<video preload=\"metadata\" controls=\"controls\" width=\"80%\" height=\"80%\"><source type=\"video\/mp4\" src=\"https:\/\/www.lkm.uni-konstanz.de\/facetten\/wp-content\/uploads\/facetten-video\/Feministische_Gedanken_Podcast_Lovas_Ibrahim_Dodek.mov\" \/><\/video><\/div>\n<p><a href=\"#top\">\u2191 Nach oben<\/a><\/p>\n<hr \/>\n<p><a name=\"150sec\"><\/a><strong>Feministische Filmtheorie in 150 Sekunden<br \/>\n<\/strong>von Felicia Bernecker, Carmen Mankel und Clara Wagner<\/p>\n<div class=\"wp-video-large LKM-video\" style=\"width: 80%;\"><!-- [if lt IE 9]><script>document.createElement('video');<\/script><![endif]--><br \/>\n<video preload=\"metadata\" controls=\"controls\" width=\"100%\" height=\"100%\"><source type=\"video\/mp4\" src=\"https:\/\/www.lkm.uni-konstanz.de\/facetten\/wp-content\/uploads\/facetten-video\/Feministische_Filmtheorien_in_150_sek_Podcast_Wagner_Bernecker_Mankel.mov\" \/><\/video><\/div>\n<p><a href=\"#top\">\u2191 Nach oben<\/a><\/p>\n<hr \/>\n<p><a name=\"podcast\"><\/a><strong>Feministischer Podcast<br \/>\n<\/strong>von Shanice Beck, Chiara Polito und Marie Sch\u00f6ttle<\/p>\n<div class=\"audio\">\n<audio class=\"wp-audio-shortcode\" id=\"audio-1165-1\" preload=\"none\" style=\"width: 100%;\" controls=\"controls\"><source type=\"audio\/mpeg\" src=\"https:\/\/www.lkm.uni-konstanz.de\/facetten\/wp-content\/uploads\/facetten-audio\/Feministischer_Podcast%20Beck%20Sch\u00f6ttle%20Polito%20WS%2024_25.mp3?_=1\" \/><a href=\"https:\/\/www.lkm.uni-konstanz.de\/facetten\/wp-content\/uploads\/facetten-audio\/Feministischer_Podcast%20Beck%20Sch\u00f6ttle%20Polito%20WS%2024_25.mp3\">https:\/\/www.lkm.uni-konstanz.de\/facetten\/wp-content\/uploads\/facetten-audio\/Feministischer_Podcast%20Beck%20Sch\u00f6ttle%20Polito%20WS%2024_25.mp3<\/a><\/audio>\n<\/div>\n<p><a href=\"#top\">\u2191 Nach oben<\/a><\/p>\n<hr \/>\n<p><a name=\"rethinking\"><\/a><strong>Feministische Filmtheorien: Rethinking Women\u2019s Cinema<br \/>\n<\/strong>von Antonia Illig und Anna Wirth<\/p>\n<div class=\"audio\">\n<audio class=\"wp-audio-shortcode\" id=\"audio-1165-2\" preload=\"none\" style=\"width: 100%;\" controls=\"controls\"><source type=\"audio\/mpeg\" src=\"https:\/\/www.lkm.uni-konstanz.de\/facetten\/wp-content\/uploads\/facetten-audio\/Feministische_Filmtheorien_Podcast_Wirth_Illig.mp3?_=2\" \/><a href=\"https:\/\/www.lkm.uni-konstanz.de\/facetten\/wp-content\/uploads\/facetten-audio\/Feministische_Filmtheorien_Podcast_Wirth_Illig.mp3\">https:\/\/www.lkm.uni-konstanz.de\/facetten\/wp-content\/uploads\/facetten-audio\/Feministische_Filmtheorien_Podcast_Wirth_Illig.mp3<\/a><\/audio>\n<\/div>\n<p><a href=\"#top\">\u2191 Nach oben<\/a><\/p>\n","protected":false},"excerpt":{"rendered":"<p>Im Seminar \u201eSchl\u00fcsseltexte Feministischer Filmtheorie\u201c (WS 2024\/25 unter Leitung von Prof. Dr. Beate Ochsner) haben die Studierenden als Studienleistung eine Reihe von Kurzfilmen und Podcastfolgen produziert. Ziel der \u00dcbung war [&hellip;]<\/p>\n","protected":false},"author":1,"featured_media":1167,"comment_status":"closed","ping_status":"open","sticky":false,"template":"","format":"standard","meta":{"_stc_notifier_status":"sent","_stc_notifier_sent_time":"2026-03-23 14:19:09","_stc_notifier_request":false,"_stc_notifier_prevent":false,"_stc_subscriber_keywords":"","_stc_subscriber_search_areas":"","footnotes":""},"categories":[1,2,5,9],"tags":[],"class_list":["post-1165","post","type-post","status-publish","format-standard","has-post-thumbnail","hentry","category-allgemein","category-audio","category-seminar","category-video"],"_links":{"self":[{"href":"https:\/\/www.lkm.uni-konstanz.de\/facetten\/wp-json\/wp\/v2\/posts\/1165","targetHints":{"allow":["GET"]}}],"collection":[{"href":"https:\/\/www.lkm.uni-konstanz.de\/facetten\/wp-json\/wp\/v2\/posts"}],"about":[{"href":"https:\/\/www.lkm.uni-konstanz.de\/facetten\/wp-json\/wp\/v2\/types\/post"}],"author":[{"embeddable":true,"href":"https:\/\/www.lkm.uni-konstanz.de\/facetten\/wp-json\/wp\/v2\/users\/1"}],"replies":[{"embeddable":true,"href":"https:\/\/www.lkm.uni-konstanz.de\/facetten\/wp-json\/wp\/v2\/comments?post=1165"}],"version-history":[{"count":37,"href":"https:\/\/www.lkm.uni-konstanz.de\/facetten\/wp-json\/wp\/v2\/posts\/1165\/revisions"}],"predecessor-version":[{"id":1230,"href":"https:\/\/www.lkm.uni-konstanz.de\/facetten\/wp-json\/wp\/v2\/posts\/1165\/revisions\/1230"}],"wp:featuredmedia":[{"embeddable":true,"href":"https:\/\/www.lkm.uni-konstanz.de\/facetten\/wp-json\/wp\/v2\/media\/1167"}],"wp:attachment":[{"href":"https:\/\/www.lkm.uni-konstanz.de\/facetten\/wp-json\/wp\/v2\/media?parent=1165"}],"wp:term":[{"taxonomy":"category","embeddable":true,"href":"https:\/\/www.lkm.uni-konstanz.de\/facetten\/wp-json\/wp\/v2\/categories?post=1165"},{"taxonomy":"post_tag","embeddable":true,"href":"https:\/\/www.lkm.uni-konstanz.de\/facetten\/wp-json\/wp\/v2\/tags?post=1165"}],"curies":[{"name":"wp","href":"https:\/\/api.w.org\/{rel}","templated":true}]}}