{"id":1036,"date":"2022-09-13T17:56:01","date_gmt":"2022-09-13T15:56:01","guid":{"rendered":"https:\/\/www.lkm.uni-konstanz.de\/facetten\/?p=1036"},"modified":"2022-09-13T17:57:05","modified_gmt":"2022-09-13T15:57:05","slug":"auf-den-spuren-von-jacobus-vrel-ein-podcast-auf-der-suche-nach-einem-raetselhaften-maler","status":"publish","type":"post","link":"https:\/\/www.lkm.uni-konstanz.de\/facetten\/auf-den-spuren-von-jacobus-vrel-ein-podcast-auf-der-suche-nach-einem-raetselhaften-maler\/","title":{"rendered":"Auf den Spuren von Jacobus Vrel. Ein Podcast auf der Suche nach einem r\u00e4tselhaften Maler"},"content":{"rendered":"<p>Eine Podcast-Reihe, die von Studierenden des <a href=\"https:\/\/www.uni-konstanz.de\/studieren\/vor-dem-studium\/studienangebot\/studiengaenge-a-z\/literatur-kunst-medien-ba\/\" target=\"_blank\" rel=\"noopener\">Studiengangs Literatur-Kunst-Medien<\/a> der Universit\u00e4t Konstanz unter Leitung von Karin Leonhard und Beate Ochsner in Kooperation mit der <a href=\"https:\/\/www.pinakothek.de\/besuch\/alte-pinakothek\" target=\"_blank\" rel=\"noopener\">Alten Pinakothek, M\u00fcnchen<\/a>, entwickelt wurde.<\/p>\n<p>Eigent\u00fcmlich wirken seine Bilder, verschroben seine Figuren und b\u00fchnenhaft seine Stra\u00dfenszenen. H\u00e4ufig wurden die Werke von Jacobus Vrel mit denen des ber\u00fchmten Malers Johannes Vermeer verwechselt. Seine Stra\u00dfenszenen und Interieurs z\u00e4hlen zum Bestand der weltweit bekanntesten Museen und sind zugleich begehrte Rarit\u00e4ten unter Sammlern. Aber bis heute ist Jacobus Vrel nahezu unbekannt \u2013 trotz umf\u00e4nglicher Archivrecherchen seit seiner Entdeckung im 19. Jahrhundert gelang es bislang nicht, Angaben zu seiner Person oder Wirkungsst\u00e4tte zu finden.<br \/>\nIn enger Kooperation mit der Alten Pinakothek M\u00fcnchen haben Studierende der Kunst- und Medienwissenschaften der Universit\u00e4t Konstanz eine Podcastreihe entwickelt, die sich auf die Spuren von Jacobus Vrel begibt. In sieben Folgen, die auditiv zu erfahrende R\u00e4ume und Zeiten er\u00f6ffnen, k\u00f6nnen wir diesem r\u00e4tselhaften Maler und seinen Werken immer anders begegnen. Basis der Arbeiten bildet eine Art detektivische Spurensuche, die sich jedoch nicht allein auf Jacobus Vrel und seine Arbeiten ausrichtet, sondern zugleich auch unsere eigene Spurensuche beforscht: So fragen wir in den Podcasts zum Beispiel danach, was Spuren sind. Und wer wiederum bestimmt \u00fcberhaupt, was Spuren sind und was nicht? Was lernen wir anhand der Spuren \u00fcber die Art und Weise ihrer Sicherung? Denn Spurenlesen hei\u00dft immer auch, die Zeit zwischen den Indizien sicht- und lesbar zu machen und Geschichten \u00fcber die abgebildeten Personen zu erfinden, die Plausibilit\u00e4t erzeugen.<br \/>\nDie Reihe ist von Studierenden entwickelt worden und richtet sich an junge H\u00f6rer*innen sowie an alle, die dem Geheimnis Jacobus Vrels ein wenig n\u00e4her kommen wollen, ohne es je aufzul\u00f6sen.<\/p>\n<h4>Sie finden den Podcast \u201e\u00fcberall wo es podcasts gibt\u201c:<\/h4>\n<p>\u2022 RSS: <a href=\"https:\/\/pinakothek.podcaster.de\/vrel.rss\" target=\"_blank\" rel=\"noopener\">https:\/\/pinakothek.podcaster.de\/vrel.rss<\/a><br \/>\n\u2022 Spotify: <a href=\"https:\/\/open.spotify.com\/show\/7tRzpzAIEEh9qMjmbIJ4kx\" target=\"_blank\" rel=\"noopener\">https:\/\/open.spotify.com\/show\/7tRzpzAIEEh9qMjmbIJ4kx<\/a><br \/>\n\u2022 Apple Podcasts: <a href=\"https:\/\/podcasts.apple.com\/us\/podcast\/auf-den-spuren-von-jacobus-vrel\/id1591064369\" target=\"_blank\" rel=\"noopener\">https:\/\/podcasts.apple.com\/us\/podcast\/auf-den-spuren-von-jacobus-vrel\/id1591064369<\/a><br \/>\n\u2022 Deezer: <a href=\"https:\/\/www.deezer.com\/de\/show\/3080652\" target=\"_blank\" rel=\"noopener\">https:\/\/www.deezer.com\/de\/show\/3080652<\/a><br \/>\n\u2022 Amazon: <a href=\"https:\/\/music.amazon.de\/podcasts\/6d9cebeb-4763-44ab-87c9-8678a480dbf8\/auf-den-spuren-von-jacobus-vrel\" target=\"_blank\" rel=\"noopener\">https:\/\/music.amazon.de\/podcasts\/6d9cebeb-4763-44ab-87c9-8678a480dbf8\/auf-den-spuren-von-jacobus-vrel<\/a><\/p>\n<h4>Episodenguide<\/h4>\n<h5>Episode 1: K\u00fcnstler ohne Gesicht<\/h5>\n<p>Ein mysteri\u00f6ses Gem\u00e4lde eines unbekannten K\u00fcnstlers? Alles, was wir kennen, sind Initialen: J.V. &#8211; Doch wer kann das sein? Lisa Schlegel, Maik Astheimer, Lara Kiolbassa begeben sich auf die Suche nach einem K\u00fcnstler, \u00fcber den wir beinahe nichts wissen und lernen, wie man sich dennoch einem Phantom n\u00e4hern kann, einem K\u00fcnstler ohne Gesicht.<\/p>\n<h5>Episode 2: Kunst ist Interpretationssache<\/h5>\n<p>Was kann Kunst bewirken? Was macht sie mit uns? Und liegt sie wirklich im Auge des Betrachters? Diese Fragen haben sich Jacqueline Boros, Monic Goudarzi, Kristina Kisling, Sophie Pfleiderer, Moritz Rentzsch beim Betrachten des Bildes &#8222;Die Lesende Alte mit einem Jungen hinterm Fenster&#8220; von Jacobus Vrel gestellt. Zu welchem Ergebnis sie dabei gekommen sind? H\u00f6rt selbst!<\/p>\n<h5>Episode 3: Die Frau im Innenraum<\/h5>\n<p>Eine Frau sitzt auf einem Stuhl in einem stillen, leeren Innenraum. Dieses h\u00e4ufig von Jacobus Vrel verwendete Bildmotiv steht im Spannungsverh\u00e4ltnis von Passivit\u00e4t und Aktivit\u00e4t: Warum sitzt die Frau im leeren Raum? Ist es ihre aktive Entscheidung oder doch nur ein Zustand der Langeweile? Inwiefern kann die Ruhe auch als Akt der Selbsterm\u00e4chtigung gedeutet werden? In der Podcastfolge von Clara Humrich, Meike Hein, Christina Henning, Anne Sehl und Patricia Czerwinski begeben wir uns auditiv in das h\u00e4ufig auf den Bildern dargestellte Spannungsverh\u00e4ltnis. Handelt die Frau aktiv, oder nicht?<\/p>\n<h5>Episode 4: Bilder (k)einer Ausstellung<\/h5>\n<p>Welcher Alltag hat Jacobus Vrel zu seinen Bildern inspiriert?<br \/>\nWie sah das einfache Leben in den Niederlanden im 17. Jahrhundert aus?<br \/>\nWeil die Ausstellung abgesagt wurden musste, haben Katerina Shikhanova, Christina Bastian, Anastasiya Golovanova &amp; Deborah Baran in dieser Episode versucht, die merkw\u00fcrdige Stimmung, die von Vrels Bildern auszugehen scheint, erfahrbar zu machen.<\/p>\n<h5>Episode 5: Geheimnisvolle Bildwelten: Diesseits und Jenseits der Schwelle<\/h5>\n<p>Was werden wir finden, wenn wir durch die verschachtelten Bildwelten Vrels schreiten? Welche Geheimnisse verbergen die dunklen Fenster und geschlossenen T\u00fcren? Nicole Falconi, Lena M\u00e4rz, Ramona Sch\u00f6n und Sophia Patzelt gehen diesen Fragen in Episode 5 nach und laden ein zu einer Spurensuche diesseits und jenseits der Schwelle.<\/p>\n<h5>Episode 6: Ein auditiver Stadtspaziergang (mit Dr. Bernd Ebert)<\/h5>\n<p>\u201eEigent\u00fcmlich wirken seine Bilder, verschroben seine Figuren und b\u00fchnenhaft seine Stra\u00dfenszenen,\u201c k\u00fcndigt die Alte Pinakothek ihre Pr\u00e4sentation der Neuerwerbung eines Bildes von Jacobus Vrel an. In dieser Folge betrachten die Ronja Stokmaier, Caterina Heinm\u00fcller, Lukas Schnabel, Irini Papadopoulou die Stra\u00dfenszenen des r\u00e4tselhaften Malers Jacobus Vrel. Uns begegnen die Au\u00dfenr\u00e4ume Vrels und wir begegnen ihnen. Mit zu Gast in dieser Folge ist Dr. Bernd Ebert von der Alten Pinakothek in M\u00fcnchen.<\/p>\n<h5>Episode 7: Spuren einer Stadt<\/h5>\n<p>In der letzten Folge des Podcasts &#8222;Auf den Spuren von Jacobus Vrel&#8220; unternehmen Julius Kleinbach, Tristan Rembold und Thomas Platzer, Studenten der Universit\u00e4t Konstanz einen Rundgang durch den Stadtraum der Bilder Vrels. Doch die Spuren, denen wir dabei folgen, sind irref\u00fchrend.<\/p>\n","protected":false},"excerpt":{"rendered":"<p>Eine Podcast-Reihe, die von Studierenden des Studiengangs Literatur-Kunst-Medien der Universit\u00e4t Konstanz unter Leitung von Karin Leonhard und Beate Ochsner in Kooperation mit der Alten Pinakothek, M\u00fcnchen, entwickelt wurde. Eigent\u00fcmlich wirken [&hellip;]<\/p>\n","protected":false},"author":1,"featured_media":1038,"comment_status":"closed","ping_status":"open","sticky":false,"template":"","format":"standard","meta":{"_stc_notifier_status":"","_stc_notifier_sent_time":"","_stc_notifier_request":false,"_stc_notifier_prevent":false,"_stc_subscriber_keywords":"","_stc_subscriber_search_areas":"","footnotes":""},"categories":[1,2,3],"tags":[],"class_list":["post-1036","post","type-post","status-publish","format-standard","has-post-thumbnail","hentry","category-allgemein","category-audio","category-ausstellung"],"_links":{"self":[{"href":"https:\/\/www.lkm.uni-konstanz.de\/facetten\/wp-json\/wp\/v2\/posts\/1036","targetHints":{"allow":["GET"]}}],"collection":[{"href":"https:\/\/www.lkm.uni-konstanz.de\/facetten\/wp-json\/wp\/v2\/posts"}],"about":[{"href":"https:\/\/www.lkm.uni-konstanz.de\/facetten\/wp-json\/wp\/v2\/types\/post"}],"author":[{"embeddable":true,"href":"https:\/\/www.lkm.uni-konstanz.de\/facetten\/wp-json\/wp\/v2\/users\/1"}],"replies":[{"embeddable":true,"href":"https:\/\/www.lkm.uni-konstanz.de\/facetten\/wp-json\/wp\/v2\/comments?post=1036"}],"version-history":[{"count":2,"href":"https:\/\/www.lkm.uni-konstanz.de\/facetten\/wp-json\/wp\/v2\/posts\/1036\/revisions"}],"predecessor-version":[{"id":1040,"href":"https:\/\/www.lkm.uni-konstanz.de\/facetten\/wp-json\/wp\/v2\/posts\/1036\/revisions\/1040"}],"wp:featuredmedia":[{"embeddable":true,"href":"https:\/\/www.lkm.uni-konstanz.de\/facetten\/wp-json\/wp\/v2\/media\/1038"}],"wp:attachment":[{"href":"https:\/\/www.lkm.uni-konstanz.de\/facetten\/wp-json\/wp\/v2\/media?parent=1036"}],"wp:term":[{"taxonomy":"category","embeddable":true,"href":"https:\/\/www.lkm.uni-konstanz.de\/facetten\/wp-json\/wp\/v2\/categories?post=1036"},{"taxonomy":"post_tag","embeddable":true,"href":"https:\/\/www.lkm.uni-konstanz.de\/facetten\/wp-json\/wp\/v2\/tags?post=1036"}],"curies":[{"name":"wp","href":"https:\/\/api.w.org\/{rel}","templated":true}]}}